{"id":3013,"date":"2016-01-26T18:09:53","date_gmt":"2016-01-26T17:09:53","guid":{"rendered":"http:\/\/www.unioviedo.es\/socialimen\/trabajo-habitos-alimentarios-los-espanoles-cambios-las-maneras-vivir-comprar-comer-recibe-premio-asedas\/"},"modified":"2016-01-26T18:09:53","modified_gmt":"2016-01-26T17:09:53","slug":"trabajo-habitos-alimentarios-los-espanoles-cambios-las-maneras-vivir-comprar-comer-recibe-premio-asedas","status":"publish","type":"post","link":"https:\/\/www.unioviedo.es\/socialimen\/en\/trabajo-habitos-alimentarios-los-espanoles-cambios-las-maneras-vivir-comprar-comer-recibe-premio-asedas\/","title":{"rendered":"El trabajo &#8220;H\u00e1bitos alimentarios de los espa\u00f1oles. Cambios en las maneras de vivir, comprar y comer&#8221; recibe el premio ASEDAS"},"content":{"rendered":"<p><a href=\"http:\/\/www.unioviedo.es\/socialimen\/wp-content\/uploads\/2016\/01\/ASEDAS.jpg\" rel=\"attachment wp-att-1353\"><img loading=\"lazy\" decoding=\"async\" class=\"aligncenter wp-image-1353 size-large\" src=\"http:\/\/www.unioviedo.es\/socialimen\/wp-content\/uploads\/2016\/01\/ASEDAS-1024x682.jpg\" alt=\"ASEDAS\" width=\"1024\" height=\"682\" srcset=\"https:\/\/www.unioviedo.es\/socialimen\/wp-content\/uploads\/2016\/01\/ASEDAS-1024x682.jpg 1024w, https:\/\/www.unioviedo.es\/socialimen\/wp-content\/uploads\/2016\/01\/ASEDAS-300x200.jpg 300w, https:\/\/www.unioviedo.es\/socialimen\/wp-content\/uploads\/2016\/01\/ASEDAS-768x512.jpg 768w, https:\/\/www.unioviedo.es\/socialimen\/wp-content\/uploads\/2016\/01\/ASEDAS.jpg 1280w\" sizes=\"auto, (max-width: 1024px) 100vw, 1024px\" \/><\/a><\/p>\n<p>El grupo de investigaci\u00f3n en Sociolog\u00eda de la Alimentaci\u00f3n del Departamento de Sociolog\u00eda de la Universidad de Oviedo ha recibido el premio al mejor trabajo \u00a0publicado en la revista Distribuci\u00f3n y Consumo en el a\u00f1o 2014 \u201cH\u00e1bitos alimentarios de los espa\u00f1oles. Cambios en las maneras de vivir, comprar y comer\u201d.<\/p>\n<p>El art\u00edculo es uno de los resultados del estudio \u201cH\u00e1bitos alimentarios de los espa\u00f1oles\u201d desarrollado por Cecilia D\u00edaz M\u00e9ndez, Isabel Garc\u00eda Espejo, Amparo Novo y Rodolfo Guti\u00e9rrez.<\/p>\n<p>El premio ha sido otorgado por la asociaci\u00f3n ASEDAS que aglutina a la distribuci\u00f3n alimentaria espa\u00f1ola. \u00a0El jurado ha valorado el inter\u00e9s y la relevancia del tema para el sector de la distribuci\u00f3n comercial y ha hecho menci\u00f3n especial de la metodolog\u00eda de trabajo y la presentaci\u00f3n e interpretaci\u00f3n de los resultados.<\/p>\n<p>&nbsp;<\/p>\n","protected":false},"excerpt":{"rendered":"<p>El grupo de investigaci\u00f3n en Sociolog\u00eda de la Alimentaci\u00f3n del Departamento de Sociolog\u00eda de la Universidad de Oviedo ha recibido el premio al mejor trabajo \u00a0publicado en la revista Distribuci\u00f3n y Consumo en el a\u00f1o 2014 \u201cH\u00e1bitos alimentarios de los espa\u00f1oles. Cambios en las maneras de vivir, comprar y comer\u201d. El art\u00edculo es uno de [&hellip;]<\/p>\n","protected":false},"author":2,"featured_media":2519,"comment_status":"open","ping_status":"open","sticky":false,"template":"","format":"standard","meta":{"_genesis_hide_title":false,"_genesis_hide_breadcrumbs":false,"_genesis_hide_singular_image":false,"_genesis_hide_footer_widgets":false,"_genesis_custom_body_class":"","_genesis_custom_post_class":"","_genesis_layout":"","footnotes":""},"categories":[80],"tags":[92],"class_list":{"0":"post-3013","1":"post","2":"type-post","3":"status-publish","4":"format-standard","5":"has-post-thumbnail","7":"category-news","8":"tag-news","9":"entry","10":"gs-1","11":"gs-odd","12":"gs-even","13":"gs-featured-content-entry"},"_links":{"self":[{"href":"https:\/\/www.unioviedo.es\/socialimen\/en\/wp-json\/wp\/v2\/posts\/3013","targetHints":{"allow":["GET"]}}],"collection":[{"href":"https:\/\/www.unioviedo.es\/socialimen\/en\/wp-json\/wp\/v2\/posts"}],"about":[{"href":"https:\/\/www.unioviedo.es\/socialimen\/en\/wp-json\/wp\/v2\/types\/post"}],"author":[{"embeddable":true,"href":"https:\/\/www.unioviedo.es\/socialimen\/en\/wp-json\/wp\/v2\/users\/2"}],"replies":[{"embeddable":true,"href":"https:\/\/www.unioviedo.es\/socialimen\/en\/wp-json\/wp\/v2\/comments?post=3013"}],"version-history":[{"count":0,"href":"https:\/\/www.unioviedo.es\/socialimen\/en\/wp-json\/wp\/v2\/posts\/3013\/revisions"}],"wp:featuredmedia":[{"embeddable":true,"href":"https:\/\/www.unioviedo.es\/socialimen\/en\/wp-json\/wp\/v2\/media\/2519"}],"wp:attachment":[{"href":"https:\/\/www.unioviedo.es\/socialimen\/en\/wp-json\/wp\/v2\/media?parent=3013"}],"wp:term":[{"taxonomy":"category","embeddable":true,"href":"https:\/\/www.unioviedo.es\/socialimen\/en\/wp-json\/wp\/v2\/categories?post=3013"},{"taxonomy":"post_tag","embeddable":true,"href":"https:\/\/www.unioviedo.es\/socialimen\/en\/wp-json\/wp\/v2\/tags?post=3013"}],"curies":[{"name":"wp","href":"https:\/\/api.w.org\/{rel}","templated":true}]}}