{"id":3318,"date":"2019-09-12T15:01:54","date_gmt":"2019-09-12T13:01:54","guid":{"rendered":"https:\/\/www.unioviedo.es\/socialimen\/la-estudiante-de-trabajo-social-maria-reyes-tellez-ha-presentado-su-trabajo-fin-de-grado-con-el-titulo-diseno-de-un-instrumento-para-la-medicion-de-los-habitos-alimentarios-y-de-actividad-fisica-de\/"},"modified":"2019-09-12T15:01:54","modified_gmt":"2019-09-12T13:01:54","slug":"la-estudiante-de-trabajo-social-maria-reyes-tellez-ha-presentado-su-trabajo-fin-de-grado-con-el-titulo-diseno-de-un-instrumento-para-la-medicion-de-los-habitos-alimentarios-y-de-actividad-fisica-de","status":"publish","type":"post","link":"https:\/\/www.unioviedo.es\/socialimen\/en\/la-estudiante-de-trabajo-social-maria-reyes-tellez-ha-presentado-su-trabajo-fin-de-grado-con-el-titulo-diseno-de-un-instrumento-para-la-medicion-de-los-habitos-alimentarios-y-de-actividad-fisica-de\/","title":{"rendered":"La estudiante de Trabajo Social Mar\u00eda Reyes T\u00e9llez, ha presentado su Trabajo Fin de Grado con el t\u00edtulo &#8220;Dise\u00f1o de un instrumento para la medici\u00f3n de los h\u00e1bitos alimentarios y de actividad f\u00edsica del personal universitario&#8221;"},"content":{"rendered":"<p>La estudiante de Trabajo Social Mar\u00eda Reyes T\u00e9llez ha presentado su Trabajo Fin de Grado con el t\u00edtulo &#8220;Dise\u00f1o de un instrumento para la medici\u00f3n de los h\u00e1bitos alimentarios y de actividad f\u00edsica del personal universitario&#8221; y ha obtenido un sobresaliente. Este trabajo ha sido dirigido por la profesora Trinidad Pascual, miembro del GI SOCIALIMEN y ha sido defendido en la Facultad de Comercio, Turismo y Ciencias Sociales &#8220;Jovellanos&#8221; (Gij\u00f3n) de la Universidad de Oviedo.<\/p>\n<p>Mar\u00eda Reyes Tellez ha aparecido en la prensa regional <a href=\"https:\/\/www.elcomercio.es\/gijon\/profesores-sabian-madre-hija-graduadas-asturias-20190726003007-ntvo.html\">(enlace).<\/a><\/p>\n","protected":false},"excerpt":{"rendered":"<p>La estudiante de Trabajo Social Mar\u00eda Reyes T\u00e9llez ha presentado su Trabajo Fin de Grado con el t\u00edtulo &#8220;Dise\u00f1o de un instrumento para la medici\u00f3n de los h\u00e1bitos alimentarios y de actividad f\u00edsica del personal universitario&#8221; y ha obtenido un sobresaliente. Este trabajo ha sido dirigido por la profesora Trinidad Pascual, miembro del GI SOCIALIMEN [&hellip;]<\/p>\n","protected":false},"author":3,"featured_media":2539,"comment_status":"open","ping_status":"open","sticky":false,"template":"","format":"standard","meta":{"_genesis_hide_title":false,"_genesis_hide_breadcrumbs":false,"_genesis_hide_singular_image":false,"_genesis_hide_footer_widgets":false,"_genesis_custom_body_class":"","_genesis_custom_post_class":"","_genesis_layout":"","footnotes":""},"categories":[80],"tags":[],"class_list":{"0":"post-3318","1":"post","2":"type-post","3":"status-publish","4":"format-standard","5":"has-post-thumbnail","7":"category-news","8":"entry","9":"gs-1","10":"gs-odd","11":"gs-even","12":"gs-featured-content-entry"},"_links":{"self":[{"href":"https:\/\/www.unioviedo.es\/socialimen\/en\/wp-json\/wp\/v2\/posts\/3318","targetHints":{"allow":["GET"]}}],"collection":[{"href":"https:\/\/www.unioviedo.es\/socialimen\/en\/wp-json\/wp\/v2\/posts"}],"about":[{"href":"https:\/\/www.unioviedo.es\/socialimen\/en\/wp-json\/wp\/v2\/types\/post"}],"author":[{"embeddable":true,"href":"https:\/\/www.unioviedo.es\/socialimen\/en\/wp-json\/wp\/v2\/users\/3"}],"replies":[{"embeddable":true,"href":"https:\/\/www.unioviedo.es\/socialimen\/en\/wp-json\/wp\/v2\/comments?post=3318"}],"version-history":[{"count":0,"href":"https:\/\/www.unioviedo.es\/socialimen\/en\/wp-json\/wp\/v2\/posts\/3318\/revisions"}],"wp:featuredmedia":[{"embeddable":true,"href":"https:\/\/www.unioviedo.es\/socialimen\/en\/wp-json\/wp\/v2\/media\/2539"}],"wp:attachment":[{"href":"https:\/\/www.unioviedo.es\/socialimen\/en\/wp-json\/wp\/v2\/media?parent=3318"}],"wp:term":[{"taxonomy":"category","embeddable":true,"href":"https:\/\/www.unioviedo.es\/socialimen\/en\/wp-json\/wp\/v2\/categories?post=3318"},{"taxonomy":"post_tag","embeddable":true,"href":"https:\/\/www.unioviedo.es\/socialimen\/en\/wp-json\/wp\/v2\/tags?post=3318"}],"curies":[{"name":"wp","href":"https:\/\/api.w.org\/{rel}","templated":true}]}}