{"id":4018,"date":"2024-02-21T12:20:24","date_gmt":"2024-02-21T11:20:24","guid":{"rendered":"https:\/\/www.unioviedo.es\/socialimen\/sonia-otero-one-of-the-five-asturian-researchers-interviewed-for-the-day-of-women-and-girls-in-science\/"},"modified":"2024-02-21T12:20:24","modified_gmt":"2024-02-21T11:20:24","slug":"sonia-otero-one-of-the-five-asturian-researchers-interviewed-for-the-day-of-women-and-girls-in-science","status":"publish","type":"post","link":"https:\/\/www.unioviedo.es\/socialimen\/en\/sonia-otero-one-of-the-five-asturian-researchers-interviewed-for-the-day-of-women-and-girls-in-science\/","title":{"rendered":"Sonia Otero, one of the five Asturian researchers interviewed for the Day of Women and Girls in Science"},"content":{"rendered":"<p><img loading=\"lazy\" decoding=\"async\" class=\"alignleft\" src=\"https:\/\/www.unioviedo.es\/socialimen\/wp-content\/uploads\/2024\/02\/32b804f9-86ca-4187-bcfe-4d707f2cf0ee_21-9-aspect-ratio_default_1281153.jpg\" alt=\"Por la izquierda, Aida Bernardo Fl\u00f3rez, Ana Coto Montes, Mar\u00eda Luisa Fern\u00e1ndez S\u00e1nchez, Camino \u00c1lvarez Castro y Sonia Otero Est\u00e9vez, en un laboratorio de la Facultad de Medicina de Oviedo.\" width=\"547\" height=\"234\" \/><\/p>\n<p style=\"text-align: justify;\">On the occasion of the Day of Women and Girls in Science, the newspaper &#8220;La Nueva Espa\u00f1a&#8221; dedicated one of its sections to Asturian women scientists<\/p>\n<p style=\"text-align: justify;\">Our colleague <a href=\"https:\/\/www.unioviedo.es\/socialimen\/equipo\/investigadores-uniovi\/sonia-otero-estevez\/\">Sonia Otero<\/a> was the representative of the social scientists at this meeting of Asturian women researchers. They have come together to talk about the obstacles, but also about the achievements of women scientists.<\/p>\n<p style=\"text-align: justify;\"><a href=\"https:\/\/www.unioviedo.es\/socialimen\/wp-content\/uploads\/2024\/02\/WhatsApp-Image-2024-02-16-at-15.13.28.jpeg\">We leave at your disposal his participation, available for downloading or reading online.<\/a><\/p>\n","protected":false},"excerpt":{"rendered":"<p>On the occasion of the Day of Women and Girls in Science, the newspaper &#8220;La Nueva Espa\u00f1a&#8221; dedicated one of its sections to Asturian women scientists Our colleague Sonia Otero was the representative of the social scientists at this meeting of Asturian women researchers. They have come together to talk about the obstacles, but also [&hellip;]<\/p>\n","protected":false},"author":5,"featured_media":0,"comment_status":"open","ping_status":"open","sticky":false,"template":"","format":"standard","meta":{"_genesis_hide_title":false,"_genesis_hide_breadcrumbs":false,"_genesis_hide_singular_image":false,"_genesis_hide_footer_widgets":false,"_genesis_custom_body_class":"","_genesis_custom_post_class":"","_genesis_layout":"","footnotes":""},"categories":[80],"tags":[],"class_list":{"0":"post-4018","1":"post","2":"type-post","3":"status-publish","4":"format-standard","6":"category-news","7":"entry","8":"has-post-thumbnail","9":"gs-1","10":"gs-odd","11":"gs-even","12":"gs-featured-content-entry"},"_links":{"self":[{"href":"https:\/\/www.unioviedo.es\/socialimen\/en\/wp-json\/wp\/v2\/posts\/4018","targetHints":{"allow":["GET"]}}],"collection":[{"href":"https:\/\/www.unioviedo.es\/socialimen\/en\/wp-json\/wp\/v2\/posts"}],"about":[{"href":"https:\/\/www.unioviedo.es\/socialimen\/en\/wp-json\/wp\/v2\/types\/post"}],"author":[{"embeddable":true,"href":"https:\/\/www.unioviedo.es\/socialimen\/en\/wp-json\/wp\/v2\/users\/5"}],"replies":[{"embeddable":true,"href":"https:\/\/www.unioviedo.es\/socialimen\/en\/wp-json\/wp\/v2\/comments?post=4018"}],"version-history":[{"count":0,"href":"https:\/\/www.unioviedo.es\/socialimen\/en\/wp-json\/wp\/v2\/posts\/4018\/revisions"}],"wp:attachment":[{"href":"https:\/\/www.unioviedo.es\/socialimen\/en\/wp-json\/wp\/v2\/media?parent=4018"}],"wp:term":[{"taxonomy":"category","embeddable":true,"href":"https:\/\/www.unioviedo.es\/socialimen\/en\/wp-json\/wp\/v2\/categories?post=4018"},{"taxonomy":"post_tag","embeddable":true,"href":"https:\/\/www.unioviedo.es\/socialimen\/en\/wp-json\/wp\/v2\/tags?post=4018"}],"curies":[{"name":"wp","href":"https:\/\/api.w.org\/{rel}","templated":true}]}}