{"id":4037,"date":"2024-03-05T13:31:33","date_gmt":"2024-03-05T12:31:33","guid":{"rendered":"https:\/\/www.unioviedo.es\/socialimen\/our-colleague-rocio-perez-ganan-has-developed-the-fanzine-of-the-womens-module-10-of-the-asturias-penitentiary-centre-2024\/"},"modified":"2024-03-05T13:31:33","modified_gmt":"2024-03-05T12:31:33","slug":"our-colleague-rocio-perez-ganan-has-developed-the-fanzine-of-the-womens-module-10-of-the-asturias-penitentiary-centre-2024","status":"publish","type":"post","link":"https:\/\/www.unioviedo.es\/socialimen\/en\/our-colleague-rocio-perez-ganan-has-developed-the-fanzine-of-the-womens-module-10-of-the-asturias-penitentiary-centre-2024\/","title":{"rendered":"Our colleague Roc\u00edo P\u00e9rez Ga\u00f1\u00e1n has developed the Fanzine of the women&#8217;s Module 10 of the Asturias Penitentiary Centre, 2024."},"content":{"rendered":"<p><img loading=\"lazy\" decoding=\"async\" class=\" wp-image-4025 alignleft\" src=\"https:\/\/www.unioviedo.es\/socialimen\/wp-content\/uploads\/2024\/03\/Captura-de-pantalla-2024-03-05-132741-210x300.png\" alt=\"\" width=\"253\" height=\"361\" srcset=\"https:\/\/www.unioviedo.es\/socialimen\/wp-content\/uploads\/2024\/03\/Captura-de-pantalla-2024-03-05-132741-210x300.png 210w, https:\/\/www.unioviedo.es\/socialimen\/wp-content\/uploads\/2024\/03\/Captura-de-pantalla-2024-03-05-132741.png 436w\" sizes=\"auto, (max-width: 253px) 100vw, 253px\" \/><\/p>\n<p>During the month of February 2024, a fanzine was produced with the women of Module 10 of the Asturias Penitentiary Centre to collect and highlight the strengths and voices of one of the most invisible groups in our society: women deprived of their liberty.<\/p>\n<p>This project not only seeks to make visible the realities faced by these women, but also to encourage critical reflection and social dialogue on human rights, social justice and the importance of moving towards the empowerment and real inclusion of this group in our society.<\/p>\n<p>This initiative is part of the &#8220;Construimos Juntas&#8221; Project of the Conseyu de la Moced\u00e1 del Principado de Asturias in collaboration with the Teaching Innovation Project &#8220;De &#8216;saber&#8217; a &#8216;saber ser&#8217;: el Fanzine y el Podcast como herramientas de aprendizaje y reflexi\u00f3n colaborativa sobre los desaf\u00edos sociales desde la profesionalizaci\u00f3n del grado acad\u00e9mico (2024-2025)&#8221; of the Departments of Sociology and History of Art and Musicology belonging to the University of Oviedo.<\/p>\n<p>The fanzine resulting from this collective work will be published and distributed on the occasion of the celebration of 8 March, International Women&#8217;s Day, physically and through different online spaces such as the RUO of the University of Oviedo or the website of the Conseyu de la Moced\u00e1.<\/p>\n<p>Access to more at: https:\/\/digibuo.uniovi.es\/dspace\/handle\/10651\/71790<\/p>\n","protected":false},"excerpt":{"rendered":"<p>During the month of February 2024, a fanzine was produced with the women of Module 10 of the Asturias Penitentiary Centre to collect and highlight the strengths and voices of one of the most invisible groups in our society: women deprived of their liberty. This project not only seeks to make visible the realities faced [&hellip;]<\/p>\n","protected":false},"author":5,"featured_media":4025,"comment_status":"open","ping_status":"open","sticky":false,"template":"","format":"standard","meta":{"_genesis_hide_title":false,"_genesis_hide_breadcrumbs":false,"_genesis_hide_singular_image":false,"_genesis_hide_footer_widgets":false,"_genesis_custom_body_class":"","_genesis_custom_post_class":"","_genesis_layout":"","footnotes":""},"categories":[80],"tags":[],"class_list":{"0":"post-4037","1":"post","2":"type-post","3":"status-publish","4":"format-standard","5":"has-post-thumbnail","7":"category-news","8":"entry","9":"gs-1","10":"gs-odd","11":"gs-even","12":"gs-featured-content-entry"},"_links":{"self":[{"href":"https:\/\/www.unioviedo.es\/socialimen\/en\/wp-json\/wp\/v2\/posts\/4037","targetHints":{"allow":["GET"]}}],"collection":[{"href":"https:\/\/www.unioviedo.es\/socialimen\/en\/wp-json\/wp\/v2\/posts"}],"about":[{"href":"https:\/\/www.unioviedo.es\/socialimen\/en\/wp-json\/wp\/v2\/types\/post"}],"author":[{"embeddable":true,"href":"https:\/\/www.unioviedo.es\/socialimen\/en\/wp-json\/wp\/v2\/users\/5"}],"replies":[{"embeddable":true,"href":"https:\/\/www.unioviedo.es\/socialimen\/en\/wp-json\/wp\/v2\/comments?post=4037"}],"version-history":[{"count":0,"href":"https:\/\/www.unioviedo.es\/socialimen\/en\/wp-json\/wp\/v2\/posts\/4037\/revisions"}],"wp:featuredmedia":[{"embeddable":true,"href":"https:\/\/www.unioviedo.es\/socialimen\/en\/wp-json\/wp\/v2\/media\/4025"}],"wp:attachment":[{"href":"https:\/\/www.unioviedo.es\/socialimen\/en\/wp-json\/wp\/v2\/media?parent=4037"}],"wp:term":[{"taxonomy":"category","embeddable":true,"href":"https:\/\/www.unioviedo.es\/socialimen\/en\/wp-json\/wp\/v2\/categories?post=4037"},{"taxonomy":"post_tag","embeddable":true,"href":"https:\/\/www.unioviedo.es\/socialimen\/en\/wp-json\/wp\/v2\/tags?post=4037"}],"curies":[{"name":"wp","href":"https:\/\/api.w.org\/{rel}","templated":true}]}}