{"id":1226,"date":"2016-01-26T17:03:42","date_gmt":"2016-01-26T16:03:42","guid":{"rendered":"http:\/\/www.unioviedo.es\/socialimen\/?p=1226"},"modified":"2016-01-26T17:03:42","modified_gmt":"2016-01-26T16:03:42","slug":"numero-10-la-revista-materiales-la-historia-del-deporte","status":"publish","type":"post","link":"https:\/\/www.unioviedo.es\/socialimen\/numero-10-la-revista-materiales-la-historia-del-deporte\/","title":{"rendered":"N\u00famero 10 de la revista Materiales para la Historia del Deporte"},"content":{"rendered":"<p>El n\u00famero 10 de la revista Materiales para la Historia del Deporte ha publicado el art\u00edculo\u00a0MUJERES Y DEPORTE DURANTE EL FRANQUISMO (1939-1975). ESTUDIO PILOTO SOBRE LA MEMORIA ORAL DE LAS DEPORTISTAS\u00a0(WOMEN AND SPORT DURING FRANCOISM (1939-1975). PILOT STUDY ON ORAL MEMORY OF SPORTS WOMEN)<\/p>\n<p>El art\u00edculo es un primer resultado del trabajo realizado a trav\u00e9s de la Red de Investigaci\u00f3n de Historia de las Mujeres y el Deporte (RIHMUD) que agrupa a investigadores de Departamentos de Historia, Sociolog\u00eda y Ciencias de la Actividad F\u00edsica y el Deporte de varias universidades espa\u00f1olas, al que han contribuido investigadores del Grupo de Investigaci\u00f3n en Sociolog\u00eda de la Alimentaci\u00f3n del Departamento de Sociolog\u00eda de la Universidad de Oviedo.<\/p>\n<p>Los autores del trabajo son:\u00a0Xavier Pujadas i Mart\u00ed (Universitat Ramon Llull, Barcelona); Jos\u00e9 Manuel Parrilla Fern\u00e1ndez (Universidad de Oviedo); Beatriz Garay Iba\u00f1ez de Elejalde (Universidad del Pa\u00eds Vasco); Fernando Gimeno Marco (Universidad de Zaragoza) ; Ramon Llopis Goig (Universitat de Val\u00e8ncia) y Gonzalo Ram\u00edrez Mac\u00edas (\u00a0Universidad de Sevilla).<br \/>\nSe trata de un estudio piloto, financiado por el Consejo Superior de Deportes,\u00a0sobre la recogida y an\u00e1lisis de relatos de mujeres practicantes de deporte entre 1939 y 1975 de las comunidades aut\u00f3nomas de Andaluc\u00eda, Arag\u00f3n, Asturias, Catalunya, Pa\u00eds Vasco y Valencia, con la finalidad de probar y mejorar el m\u00e9todo de estudio y de establecer un primer nivel de an\u00e1lisis (indicadores y contextualizaci\u00f3n de estos) sobre las caracter\u00edsticas sociales, culturales, morales y est\u00e9ticas de la pr\u00e1ctica de deporte por parte de mujeres durante la dictadura. El proyecto se llev\u00f3 a cabo entre enero y noviembre de 2011 con una muestra intencionada de 24 mujeres (4 en cada territorio y vinculadas a la primera y la segunda etapa de la dictadura), a las que se efectu\u00f3 entrevistas en profundidad semiestructuradas de final abierto, que fueron grabadas, transcritas y analizadas mediante .<\/p>\n<p>Por iniciativa del Grupo de\u00a0Investigaci\u00f3n en Sociolog\u00eda de la Alimentaci\u00f3n, una de las \u00e1reas incorporadas al an\u00e1lisis fue la dimensi\u00f3n alimentaria y la percepci\u00f3n del aspecto corporal; en base a esos primeros resultados, desde este Grupo se pretende impulsar el estudio a fondo esta dimensi\u00f3n con perspectiva sociol\u00f3gica, en un nuevo proyecto que incluir\u00e1 en el an\u00e1lisis a mujeres deportistas espa\u00f1olas de las etapas posteriores al franquismo hasta la actualidad<\/p>\n","protected":false},"excerpt":{"rendered":"<p>El n\u00famero 10 de la revista Materiales para la Historia del Deporte ha publicado el art\u00edculo\u00a0MUJERES Y DEPORTE DURANTE EL FRANQUISMO (1939-1975). ESTUDIO PILOTO SOBRE LA MEMORIA ORAL DE LAS DEPORTISTAS\u00a0(WOMEN AND SPORT DURING FRANCOISM (1939-1975). PILOT STUDY ON ORAL MEMORY OF SPORTS WOMEN) El art\u00edculo es un primer resultado del trabajo realizado a trav\u00e9s [&hellip;]<\/p>\n","protected":false},"author":2,"featured_media":0,"comment_status":"open","ping_status":"open","sticky":false,"template":"","format":"standard","meta":{"_genesis_hide_title":false,"_genesis_hide_breadcrumbs":false,"_genesis_hide_singular_image":false,"_genesis_hide_footer_widgets":false,"_genesis_custom_body_class":"","_genesis_custom_post_class":"","_genesis_layout":"","footnotes":""},"categories":[37],"tags":[59],"class_list":{"0":"post-1226","1":"post","2":"type-post","3":"status-publish","4":"format-standard","6":"category-noticias","7":"tag-noticias","8":"entry","9":"gs-1","10":"gs-odd","11":"gs-even","12":"gs-featured-content-entry"},"_links":{"self":[{"href":"https:\/\/www.unioviedo.es\/socialimen\/wp-json\/wp\/v2\/posts\/1226","targetHints":{"allow":["GET"]}}],"collection":[{"href":"https:\/\/www.unioviedo.es\/socialimen\/wp-json\/wp\/v2\/posts"}],"about":[{"href":"https:\/\/www.unioviedo.es\/socialimen\/wp-json\/wp\/v2\/types\/post"}],"author":[{"embeddable":true,"href":"https:\/\/www.unioviedo.es\/socialimen\/wp-json\/wp\/v2\/users\/2"}],"replies":[{"embeddable":true,"href":"https:\/\/www.unioviedo.es\/socialimen\/wp-json\/wp\/v2\/comments?post=1226"}],"version-history":[{"count":1,"href":"https:\/\/www.unioviedo.es\/socialimen\/wp-json\/wp\/v2\/posts\/1226\/revisions"}],"predecessor-version":[{"id":1227,"href":"https:\/\/www.unioviedo.es\/socialimen\/wp-json\/wp\/v2\/posts\/1226\/revisions\/1227"}],"wp:attachment":[{"href":"https:\/\/www.unioviedo.es\/socialimen\/wp-json\/wp\/v2\/media?parent=1226"}],"wp:term":[{"taxonomy":"category","embeddable":true,"href":"https:\/\/www.unioviedo.es\/socialimen\/wp-json\/wp\/v2\/categories?post=1226"},{"taxonomy":"post_tag","embeddable":true,"href":"https:\/\/www.unioviedo.es\/socialimen\/wp-json\/wp\/v2\/tags?post=1226"}],"curies":[{"name":"wp","href":"https:\/\/api.w.org\/{rel}","templated":true}]}}