{"id":1645,"date":"2016-02-24T11:19:23","date_gmt":"2016-02-24T10:19:23","guid":{"rendered":"http:\/\/www.unioviedo.es\/socialimen\/?p=1645"},"modified":"2016-06-02T09:59:51","modified_gmt":"2016-06-02T07:59:51","slug":"xii-congreso-espanol-de-sociologia","status":"publish","type":"post","link":"https:\/\/www.unioviedo.es\/socialimen\/xii-congreso-espanol-de-sociologia\/","title":{"rendered":"Se presenta el XII Congreso Espa\u00f1ol de Sociolog\u00eda"},"content":{"rendered":"<h3><img loading=\"lazy\" decoding=\"async\" class=\"size-medium wp-image-1646 alignleft\" src=\"http:\/\/www.unioviedo.es\/socialimen\/wp-content\/uploads\/2016\/02\/cover-215x300.jpg\" alt=\"cover\" width=\"215\" height=\"300\" srcset=\"https:\/\/www.unioviedo.es\/socialimen\/wp-content\/uploads\/2016\/02\/cover-215x300.jpg 215w, https:\/\/www.unioviedo.es\/socialimen\/wp-content\/uploads\/2016\/02\/cover.jpg 430w\" sizes=\"auto, (max-width: 215px) 100vw, 215px\" \/><\/h3>\n<div class=\"center\">\n<h3>XII Congreso Espa\u00f1ol de Sociolog\u00eda: Grandes transformaciones sociales, nuevos desaf\u00edos para la sociolog\u00eda<\/h3>\n<p>30 de junio, 1 y 2 de julio de 2016<\/p>\n<p>Laboral. Ciudad de la Cultura, Gij\u00f3n, Asturias<\/p>\n<p>Organizan:<\/p>\n<p><strong>Asociaci\u00f3n Asturiana de Sociolog\u00eda, Departamento de Sociolog\u00eda de la Universidad de Oviedo, y Federaci\u00f3n Espa\u00f1ola de Sociolog\u00eda<\/strong><\/p>\n<\/div>\n<p>&nbsp;<\/p>\n<p>&nbsp;<\/p>\n<p>&nbsp;<\/p>\n<p>Las dos d\u00e9cadas y media m\u00e1s recientes no han sido una etapa m\u00e1s\u00a0del cambio social. Las mutaciones en la esfera geoecon\u00f3mica y geopol\u00edtica\u00a0global, la intensificaci\u00f3n del cambio tecnol\u00f3gico y la universalizaci\u00f3n de las\u00a0redes en internet, la inusitada expansi\u00f3n del capitalismo financiero, y las\u00a0turbulencias econ\u00f3micas y pol\u00edticas ocasionadas por la Gran Recesi\u00f3n, parecen\u00a0algo m\u00e1s que cambios incrementales. Se asemejan m\u00e1s a la idea de \u201cgrandes\u00a0transformaciones\u201d, en el sentido de que son cambios que alteran los\u00a0fundamentos b\u00e1sicos de las sociedades contempor\u00e1neas, m\u00e1s intensamente\u00a0a\u00fan en las que se percib\u00edan como m\u00e1s avanzadas. Esas grandes transformaciones han desestabilizado las instituciones b\u00e1sicas de integraci\u00f3n a escala macro-social, como los sistemas\u00a0democr\u00e1ticos, los mercados de trabajo o los estados de bienestar. Individuos,\u00a0comunidades y grupos sociales ven alteradas sus vidas cotidianas y las formas\u00a0elementales de su integraci\u00f3n social. Al tiempo, esas transformaciones abren el\u00a0camino a formas muy variadas de acci\u00f3n colectiva y de conformaci\u00f3n de nuevos\u00a0valores e identidades sociales.<\/p>\n<p>Puede que en la historia, ya no tan corta, de presencia institucional\u00a0de la sociolog\u00eda en Espa\u00f1a, no se haya vivido un momento en que su\u00a0contribuci\u00f3n resulte m\u00e1s necesaria. La sociolog\u00eda puede contribuir\u00a0decisivamente a definir y seleccionar las acciones individuales y colectivas que\u00a0mejor respondan a los nuevos riesgos de fragmentaci\u00f3n y las nuevas demandas\u00a0de cohesi\u00f3n social. Para ello, tiene que responder con an\u00e1lisis rigurosamente\u00a0fundados y bien comunicados, que permitan entender mejor las formas y las\u00a0consecuencias de estas grandes transformaciones.<\/p>\n<p>La FES organiza el XII Congreso Espa\u00f1ol de Sociolog\u00eda con un doble\u00a0objetivo: por un lado, ser el foro para presentar la mejor y m\u00e1s variada\u00a0investigaci\u00f3n sociol\u00f3gica producida en Espa\u00f1a; por otro lado, ofrecer el espacio\u00a0adecuado para que el espectro m\u00e1s amplio personas conectadas a la sociolog\u00eda\u00a0(ense\u00f1antes, investigadores, profesionales y estudiantes), se encuentren,\u00a0intercambien y progresen sobre todos los asuntos de su inter\u00e9s profesional.<\/p>\n","protected":false},"excerpt":{"rendered":"<p>XII Congreso Espa\u00f1ol de Sociolog\u00eda: Grandes transformaciones sociales, nuevos desaf\u00edos para la sociolog\u00eda 30 de junio, 1 y 2 de julio de 2016 Laboral. Ciudad de la Cultura, Gij\u00f3n, Asturias Organizan: Asociaci\u00f3n Asturiana de Sociolog\u00eda, Departamento de Sociolog\u00eda de la Universidad de Oviedo, y Federaci\u00f3n Espa\u00f1ola de Sociolog\u00eda &nbsp; &nbsp; &nbsp; Las dos d\u00e9cadas y [&hellip;]<\/p>\n","protected":false},"author":3,"featured_media":1646,"comment_status":"open","ping_status":"open","sticky":false,"template":"","format":"standard","meta":{"_genesis_hide_title":false,"_genesis_hide_breadcrumbs":false,"_genesis_hide_singular_image":false,"_genesis_hide_footer_widgets":false,"_genesis_custom_body_class":"","_genesis_custom_post_class":"","_genesis_layout":"","footnotes":""},"categories":[37],"tags":[],"class_list":{"0":"post-1645","1":"post","2":"type-post","3":"status-publish","4":"format-standard","5":"has-post-thumbnail","7":"category-noticias","8":"entry","9":"gs-1","10":"gs-odd","11":"gs-even","12":"gs-featured-content-entry"},"_links":{"self":[{"href":"https:\/\/www.unioviedo.es\/socialimen\/wp-json\/wp\/v2\/posts\/1645","targetHints":{"allow":["GET"]}}],"collection":[{"href":"https:\/\/www.unioviedo.es\/socialimen\/wp-json\/wp\/v2\/posts"}],"about":[{"href":"https:\/\/www.unioviedo.es\/socialimen\/wp-json\/wp\/v2\/types\/post"}],"author":[{"embeddable":true,"href":"https:\/\/www.unioviedo.es\/socialimen\/wp-json\/wp\/v2\/users\/3"}],"replies":[{"embeddable":true,"href":"https:\/\/www.unioviedo.es\/socialimen\/wp-json\/wp\/v2\/comments?post=1645"}],"version-history":[{"count":2,"href":"https:\/\/www.unioviedo.es\/socialimen\/wp-json\/wp\/v2\/posts\/1645\/revisions"}],"predecessor-version":[{"id":1932,"href":"https:\/\/www.unioviedo.es\/socialimen\/wp-json\/wp\/v2\/posts\/1645\/revisions\/1932"}],"wp:featuredmedia":[{"embeddable":true,"href":"https:\/\/www.unioviedo.es\/socialimen\/wp-json\/wp\/v2\/media\/1646"}],"wp:attachment":[{"href":"https:\/\/www.unioviedo.es\/socialimen\/wp-json\/wp\/v2\/media?parent=1645"}],"wp:term":[{"taxonomy":"category","embeddable":true,"href":"https:\/\/www.unioviedo.es\/socialimen\/wp-json\/wp\/v2\/categories?post=1645"},{"taxonomy":"post_tag","embeddable":true,"href":"https:\/\/www.unioviedo.es\/socialimen\/wp-json\/wp\/v2\/tags?post=1645"}],"curies":[{"name":"wp","href":"https:\/\/api.w.org\/{rel}","templated":true}]}}