{"id":1933,"date":"2016-06-02T10:38:13","date_gmt":"2016-06-02T08:38:13","guid":{"rendered":"http:\/\/www.unioviedo.es\/socialimen\/?p=1933"},"modified":"2016-06-02T10:39:31","modified_gmt":"2016-06-02T08:39:31","slug":"la-profesora-cecilia-diaz-mendez-y-la-doctoranda-sonia-otero-estevez-son-invitadas-al-congreso-de-investigacion-en-innovacion-educativa","status":"publish","type":"post","link":"https:\/\/www.unioviedo.es\/socialimen\/la-profesora-cecilia-diaz-mendez-y-la-doctoranda-sonia-otero-estevez-son-invitadas-al-congreso-de-investigacion-en-innovacion-educativa\/","title":{"rendered":"La profesora Cecilia D\u00edaz M\u00e9ndez y la doctoranda Sonia Otero Est\u00e9vez son invitadas al Congreso de investigaci\u00f3n en Innovaci\u00f3n Educativa, Compromiso Social y otras Competencias Transversales: Estrategias y Experiencias de Ense\u00f1anza &#8211; Aprendizaje Universitario"},"content":{"rendered":"<p>&nbsp;<\/p>\n<p>La profesora Cecilia D\u00edaz M\u00e9ndez y la doctoranda Sonia Otero Est\u00e9vez han sido invitadas al Congreso de investigaci\u00f3n en Innovaci\u00f3n Educativa, Compromiso Social y otras Competencias Transversales: Estrategias y Experiencias de Ense\u00f1anza &#8211; Aprendizaje Universitario para presentar su trabajo \u00abAlimentaci\u00f3n y crisis: una experiencia de investigaci\u00f3n interinstitucional en Asturias\u00bb<\/p>\n<p><img loading=\"lazy\" decoding=\"async\" class=\"alignnone wp-image-1936 size-full\" src=\"http:\/\/www.unioviedo.es\/socialimen\/wp-content\/uploads\/2016\/06\/conferencia-sonia-cecilia.png\" alt=\"conferencia sonia cecilia\" width=\"768\" height=\"1024\" srcset=\"https:\/\/www.unioviedo.es\/socialimen\/wp-content\/uploads\/2016\/06\/conferencia-sonia-cecilia.png 768w, https:\/\/www.unioviedo.es\/socialimen\/wp-content\/uploads\/2016\/06\/conferencia-sonia-cecilia-225x300.png 225w\" sizes=\"auto, (max-width: 768px) 100vw, 768px\" \/><\/p>\n","protected":false},"excerpt":{"rendered":"<p>&nbsp; La profesora Cecilia D\u00edaz M\u00e9ndez y la doctoranda Sonia Otero Est\u00e9vez han sido invitadas al Congreso de investigaci\u00f3n en Innovaci\u00f3n Educativa, Compromiso Social y otras Competencias Transversales: Estrategias y Experiencias de Ense\u00f1anza &#8211; Aprendizaje Universitario para presentar su trabajo \u00abAlimentaci\u00f3n y crisis: una experiencia de investigaci\u00f3n interinstitucional en Asturias\u00bb<\/p>\n","protected":false},"author":3,"featured_media":1936,"comment_status":"open","ping_status":"open","sticky":false,"template":"","format":"standard","meta":{"_genesis_hide_title":false,"_genesis_hide_breadcrumbs":false,"_genesis_hide_singular_image":false,"_genesis_hide_footer_widgets":false,"_genesis_custom_body_class":"","_genesis_custom_post_class":"","_genesis_layout":"","footnotes":""},"categories":[37],"tags":[],"class_list":{"0":"post-1933","1":"post","2":"type-post","3":"status-publish","4":"format-standard","5":"has-post-thumbnail","7":"category-noticias","8":"entry","9":"gs-1","10":"gs-odd","11":"gs-even","12":"gs-featured-content-entry"},"_links":{"self":[{"href":"https:\/\/www.unioviedo.es\/socialimen\/wp-json\/wp\/v2\/posts\/1933","targetHints":{"allow":["GET"]}}],"collection":[{"href":"https:\/\/www.unioviedo.es\/socialimen\/wp-json\/wp\/v2\/posts"}],"about":[{"href":"https:\/\/www.unioviedo.es\/socialimen\/wp-json\/wp\/v2\/types\/post"}],"author":[{"embeddable":true,"href":"https:\/\/www.unioviedo.es\/socialimen\/wp-json\/wp\/v2\/users\/3"}],"replies":[{"embeddable":true,"href":"https:\/\/www.unioviedo.es\/socialimen\/wp-json\/wp\/v2\/comments?post=1933"}],"version-history":[{"count":1,"href":"https:\/\/www.unioviedo.es\/socialimen\/wp-json\/wp\/v2\/posts\/1933\/revisions"}],"predecessor-version":[{"id":1937,"href":"https:\/\/www.unioviedo.es\/socialimen\/wp-json\/wp\/v2\/posts\/1933\/revisions\/1937"}],"wp:featuredmedia":[{"embeddable":true,"href":"https:\/\/www.unioviedo.es\/socialimen\/wp-json\/wp\/v2\/media\/1936"}],"wp:attachment":[{"href":"https:\/\/www.unioviedo.es\/socialimen\/wp-json\/wp\/v2\/media?parent=1933"}],"wp:term":[{"taxonomy":"category","embeddable":true,"href":"https:\/\/www.unioviedo.es\/socialimen\/wp-json\/wp\/v2\/categories?post=1933"},{"taxonomy":"post_tag","embeddable":true,"href":"https:\/\/www.unioviedo.es\/socialimen\/wp-json\/wp\/v2\/tags?post=1933"}],"curies":[{"name":"wp","href":"https:\/\/api.w.org\/{rel}","templated":true}]}}