{"id":2002,"date":"2016-10-05T18:55:37","date_gmt":"2016-10-05T16:55:37","guid":{"rendered":"http:\/\/www.unioviedo.es\/socialimen\/?p=2002"},"modified":"2016-10-18T12:39:51","modified_gmt":"2016-10-18T10:39:51","slug":"presentacion-la-catedra-estudios-gobernanza-global-alimentaria","status":"publish","type":"post","link":"https:\/\/www.unioviedo.es\/socialimen\/presentacion-la-catedra-estudios-gobernanza-global-alimentaria\/","title":{"rendered":"Presentaci\u00f3n de la C\u00e1tedra de Estudios de Gobernanza Global Alimentaria"},"content":{"rendered":"<p><img loading=\"lazy\" decoding=\"async\" class=\"alignnone size-medium wp-image-1948 alignleft\" src=\"http:\/\/www.unioviedo.es\/socialimen\/wp-content\/uploads\/2016\/03\/Captura-catedra-\u00e1mparo-300x148.png\" alt=\"Captura-catedra \u00e1mparo\" width=\"300\" height=\"148\" srcset=\"https:\/\/www.unioviedo.es\/socialimen\/wp-content\/uploads\/2016\/03\/Captura-catedra-\u00e1mparo-300x148.png 300w, https:\/\/www.unioviedo.es\/socialimen\/wp-content\/uploads\/2016\/03\/Captura-catedra-\u00e1mparo-768x379.png 768w, https:\/\/www.unioviedo.es\/socialimen\/wp-content\/uploads\/2016\/03\/Captura-catedra-\u00e1mparo.png 803w\" sizes=\"auto, (max-width: 300px) 100vw, 300px\" \/>El jueves, 6 de octubre, a las 12:30 horas, en el Aula Magna del Edificio Hist\u00f3rico, se presentar\u00e1 la C\u00e1tedra de Estudios de Gobernanza Global Alimentaria en un acto que presidir\u00e1 el rector, Santiago Garc\u00eda Granda, y en el que intervendr\u00e1n el vicerrector de Extensi\u00f3n Universitaria y Proyecci\u00f3n Internacional, Francisco Borge L\u00f3pez, y la directora de la C\u00e1tedra, Amparo Novo.<\/p>\n<p>La conferencia la impartir\u00e1 Santiago Men\u00e9ndez de Luarca Navia-Osorio, titulada \u00abEl doble concepto de la Seguridad Alimentaria. Ca\u00f1ones versus mantequilla\u00bb. La C\u00e1tedra tiene como objetivos avanzar en las diferentes \u00e1reas de investigaci\u00f3n apropiadas a la erradicaci\u00f3n de la pobreza, como una situaci\u00f3n de privaci\u00f3n de los elementos esenciales necesarios para que el ser humano pueda vivir y desarrollarse con dignidad.<\/p>\n<p>Fuente: <a href=\"https:\/\/ceggla.uniovi.es\/noticias\/-\/asset_publisher\/4bR1\/content\/presentacion-de-la-catedra-de-estudios-de-gobernanza-global-alimentaria?redirect=%2F\">https:\/\/ceggla.uniovi.es\/noticias\/-\/asset_publisher\/4bR1\/content\/presentacion-de-la-catedra-de-estudios-de-gobernanza-global-alimentaria?redirect=%2F<\/a><\/p>\n","protected":false},"excerpt":{"rendered":"<p>El jueves, 6 de octubre, a las 12:30 horas, en el Aula Magna del Edificio Hist\u00f3rico, se presentar\u00e1 la C\u00e1tedra de Estudios de Gobernanza Global Alimentaria en un acto que presidir\u00e1 el rector, Santiago Garc\u00eda Granda, y en el que intervendr\u00e1n el vicerrector de Extensi\u00f3n Universitaria y Proyecci\u00f3n Internacional, Francisco Borge L\u00f3pez, y la directora [&hellip;]<\/p>\n","protected":false},"author":3,"featured_media":1948,"comment_status":"open","ping_status":"open","sticky":false,"template":"","format":"standard","meta":{"_genesis_hide_title":false,"_genesis_hide_breadcrumbs":false,"_genesis_hide_singular_image":false,"_genesis_hide_footer_widgets":false,"_genesis_custom_body_class":"","_genesis_custom_post_class":"","_genesis_layout":"","footnotes":""},"categories":[37],"tags":[],"class_list":{"0":"post-2002","1":"post","2":"type-post","3":"status-publish","4":"format-standard","5":"has-post-thumbnail","7":"category-noticias","8":"entry","9":"gs-1","10":"gs-odd","11":"gs-even","12":"gs-featured-content-entry"},"_links":{"self":[{"href":"https:\/\/www.unioviedo.es\/socialimen\/wp-json\/wp\/v2\/posts\/2002","targetHints":{"allow":["GET"]}}],"collection":[{"href":"https:\/\/www.unioviedo.es\/socialimen\/wp-json\/wp\/v2\/posts"}],"about":[{"href":"https:\/\/www.unioviedo.es\/socialimen\/wp-json\/wp\/v2\/types\/post"}],"author":[{"embeddable":true,"href":"https:\/\/www.unioviedo.es\/socialimen\/wp-json\/wp\/v2\/users\/3"}],"replies":[{"embeddable":true,"href":"https:\/\/www.unioviedo.es\/socialimen\/wp-json\/wp\/v2\/comments?post=2002"}],"version-history":[{"count":2,"href":"https:\/\/www.unioviedo.es\/socialimen\/wp-json\/wp\/v2\/posts\/2002\/revisions"}],"predecessor-version":[{"id":2018,"href":"https:\/\/www.unioviedo.es\/socialimen\/wp-json\/wp\/v2\/posts\/2002\/revisions\/2018"}],"wp:featuredmedia":[{"embeddable":true,"href":"https:\/\/www.unioviedo.es\/socialimen\/wp-json\/wp\/v2\/media\/1948"}],"wp:attachment":[{"href":"https:\/\/www.unioviedo.es\/socialimen\/wp-json\/wp\/v2\/media?parent=2002"}],"wp:term":[{"taxonomy":"category","embeddable":true,"href":"https:\/\/www.unioviedo.es\/socialimen\/wp-json\/wp\/v2\/categories?post=2002"},{"taxonomy":"post_tag","embeddable":true,"href":"https:\/\/www.unioviedo.es\/socialimen\/wp-json\/wp\/v2\/tags?post=2002"}],"curies":[{"name":"wp","href":"https:\/\/api.w.org\/{rel}","templated":true}]}}