{"id":2117,"date":"2016-10-21T14:36:32","date_gmt":"2016-10-21T12:36:32","guid":{"rendered":"http:\/\/www.unioviedo.es\/socialimen\/?p=2117"},"modified":"2016-11-21T14:42:13","modified_gmt":"2016-11-21T13:42:13","slug":"comienza-proyecto-alimentacion-estructura-social-analisis-las-desigualdades-sociales-espana-cso2015-68434-r-perteneciente-al-grupo-investigacion-sociologia-la-alimentacion","status":"publish","type":"post","link":"https:\/\/www.unioviedo.es\/socialimen\/comienza-proyecto-alimentacion-estructura-social-analisis-las-desigualdades-sociales-espana-cso2015-68434-r-perteneciente-al-grupo-investigacion-sociologia-la-alimentacion\/","title":{"rendered":"Comienza el proyecto ALIMENTACI\u00d3N Y ESTRUCTURA SOCIAL. AN\u00c1LISIS DE LAS DESIGUALDADES SOCIALES EN ESPA\u00d1A (CSO2015-68434-R) perteneciente al Grupo de Investigaci\u00f3n en Sociolog\u00eda de la Alimentaci\u00f3n bajo la direcci\u00f3n de la I.P. Isabel Garc\u00eda Espejo en la primera reuni\u00f3n de trabajo que reuni\u00f3 a sus miembros en Oviedo"},"content":{"rendered":"<p style=\"text-align: justify;\">Se realiza la primera reuni\u00f3n de trabajo del proyecto <a href=\"http:\/\/www.unioviedo.es\/socialimen\/alimentacion-estructura-social-analisis-las-desigualdades-sociales-espana-proyectos-idi-del-programa-estatal-investigacion-desarrollo-e-innovacion-orientada-los-retos-la-sociedad-4\/\">\u201cAlimentaci\u00f3n y estructura social. An\u00e1lisis de las desigualdades sociales en Espa\u00f1a\u201d. Proyectos I+D+I del Programa Estatal de Investigaci\u00f3n, Desarrollo e innovaci\u00f3n Orientada a los Retos de la Sociedad (convocatoria 2015) Ref. CSO2015-68434-R.<\/a> en la que se reunieron los miembros del proyecto, aquellos pertenecientes al grupo SOCIALIMEN, Universidad de Oviedo y a aquellos de otras universidades de Espa\u00f1a:<\/p>\n<p style=\"text-align: justify;\"><strong>Investigadora Principal (SOCIALIMEN): <\/strong><\/p>\n<ul style=\"text-align: justify;\">\n<li>ISABEL GARC\u00cdA ESPEJO (UNIOVI)<\/li>\n<\/ul>\n<p style=\"text-align: justify;\"><strong>Miembros del Equipo:<\/strong><\/p>\n<ul style=\"text-align: justify;\">\n<li>Javier Aranceta Batrina (Universidad de Navarra)<\/li>\n<li>Laura Cabiedes Miragaya (SOCIALIMEN\/Universidad de Oviedo)<\/li>\n<li>Cecilia D\u00edaz-M\u00e9ndez (SOCIALIMEN\/Univerdidad de Oviedo)<\/li>\n<li>Venacio Mart\u00ednez Su\u00e1rez (Universidad de Oviedo)<\/li>\n<li>Jos\u00e9 Manuel Parrilla Fern\u00e1ndez (SOCIALIMEN\/Universidad de Oviedo)<\/li>\n<li>Trinidad Pascual Fern\u00e1ndez (SOCIALIMEN\/Universidad de Oviedo)<\/li>\n<li>Guadalupe Ramos Truchero (SOCIALIMEN\/Universidad de Valladolid)<\/li>\n<\/ul>\n<p style=\"text-align: justify;\">Los objetivos de esta primera reuni\u00f3n de trabajo del Proyecto consistieron en:<\/p>\n<ul>\n<li style=\"text-align: justify;\"><strong>Organizaci\u00f3n de las tareas a realizar durante el curso 2016\/2017<\/strong><\/li>\n<li style=\"text-align: justify;\"><strong>Creaci\u00f3n de dos equipos cuantitativo y cualitativo <\/strong>para dividir las tareas del proyecto en funci\u00f3n de la metodolog\u00eda necesaria<\/li>\n<\/ul>\n","protected":false},"excerpt":{"rendered":"<p>Se realiza la primera reuni\u00f3n de trabajo del proyecto \u201cAlimentaci\u00f3n y estructura social. An\u00e1lisis de las desigualdades sociales en Espa\u00f1a\u201d. Proyectos I+D+I del Programa Estatal de Investigaci\u00f3n, Desarrollo e innovaci\u00f3n Orientada a los Retos de la Sociedad (convocatoria 2015) Ref. CSO2015-68434-R. en la que se reunieron los miembros del proyecto, aquellos pertenecientes al grupo SOCIALIMEN, [&hellip;]<\/p>\n","protected":false},"author":3,"featured_media":0,"comment_status":"open","ping_status":"open","sticky":false,"template":"","format":"standard","meta":{"_genesis_hide_title":false,"_genesis_hide_breadcrumbs":false,"_genesis_hide_singular_image":false,"_genesis_hide_footer_widgets":false,"_genesis_custom_body_class":"","_genesis_custom_post_class":"","_genesis_layout":"","footnotes":""},"categories":[37],"tags":[],"class_list":{"0":"post-2117","1":"post","2":"type-post","3":"status-publish","4":"format-standard","6":"category-noticias","7":"entry","8":"gs-1","9":"gs-odd","10":"gs-even","11":"gs-featured-content-entry"},"_links":{"self":[{"href":"https:\/\/www.unioviedo.es\/socialimen\/wp-json\/wp\/v2\/posts\/2117","targetHints":{"allow":["GET"]}}],"collection":[{"href":"https:\/\/www.unioviedo.es\/socialimen\/wp-json\/wp\/v2\/posts"}],"about":[{"href":"https:\/\/www.unioviedo.es\/socialimen\/wp-json\/wp\/v2\/types\/post"}],"author":[{"embeddable":true,"href":"https:\/\/www.unioviedo.es\/socialimen\/wp-json\/wp\/v2\/users\/3"}],"replies":[{"embeddable":true,"href":"https:\/\/www.unioviedo.es\/socialimen\/wp-json\/wp\/v2\/comments?post=2117"}],"version-history":[{"count":2,"href":"https:\/\/www.unioviedo.es\/socialimen\/wp-json\/wp\/v2\/posts\/2117\/revisions"}],"predecessor-version":[{"id":2119,"href":"https:\/\/www.unioviedo.es\/socialimen\/wp-json\/wp\/v2\/posts\/2117\/revisions\/2119"}],"wp:attachment":[{"href":"https:\/\/www.unioviedo.es\/socialimen\/wp-json\/wp\/v2\/media?parent=2117"}],"wp:term":[{"taxonomy":"category","embeddable":true,"href":"https:\/\/www.unioviedo.es\/socialimen\/wp-json\/wp\/v2\/categories?post=2117"},{"taxonomy":"post_tag","embeddable":true,"href":"https:\/\/www.unioviedo.es\/socialimen\/wp-json\/wp\/v2\/tags?post=2117"}],"curies":[{"name":"wp","href":"https:\/\/api.w.org\/{rel}","templated":true}]}}