{"id":2151,"date":"2017-03-01T09:31:58","date_gmt":"2017-03-01T08:31:58","guid":{"rendered":"http:\/\/www.unioviedo.es\/socialimen\/?p=2151"},"modified":"2017-03-01T10:39:08","modified_gmt":"2017-03-01T09:39:08","slug":"la-federacion-espanola-sociologia-presenta-video-muestra-ultimo-congreso-espanol-sociologia-realizado-la-facultad-comercio-turismo-cc-ss-jovellanos-la-laboral-ciudad-la","status":"publish","type":"post","link":"https:\/\/www.unioviedo.es\/socialimen\/la-federacion-espanola-sociologia-presenta-video-muestra-ultimo-congreso-espanol-sociologia-realizado-la-facultad-comercio-turismo-cc-ss-jovellanos-la-laboral-ciudad-la\/","title":{"rendered":"La Federaci\u00f3n Espa\u00f1ola de Sociolog\u00eda presenta un video promocional de la profesi\u00f3n en el que explica el trabajo de los soci\u00f3logos y soci\u00f3logas espa\u00f1oles."},"content":{"rendered":"<p style=\"text-align: justify;\"><img loading=\"lazy\" decoding=\"async\" class=\"wp-image-2152  alignleft\" src=\"http:\/\/www.unioviedo.es\/socialimen\/wp-content\/uploads\/2017\/03\/fes.png\" alt=\"fes\" width=\"472\" height=\"265\" srcset=\"https:\/\/www.unioviedo.es\/socialimen\/wp-content\/uploads\/2017\/03\/fes.png 894w, https:\/\/www.unioviedo.es\/socialimen\/wp-content\/uploads\/2017\/03\/fes-300x168.png 300w, https:\/\/www.unioviedo.es\/socialimen\/wp-content\/uploads\/2017\/03\/fes-768x431.png 768w, https:\/\/www.unioviedo.es\/socialimen\/wp-content\/uploads\/2017\/03\/fes-750x420.png 750w\" sizes=\"auto, (max-width: 472px) 100vw, 472px\" \/>La Federaci\u00f3n Espa\u00f1ola de Sociolog\u00eda (FES) presenta un v\u00eddeo explicando cu\u00e1l es la funci\u00f3n de esta instituci\u00f3n y muestra el \u00faltimo Congreso Espa\u00f1ol de Sociolog\u00eda, en el que ha participado activamente el Departamento de Sociolog\u00eda de la Universidad de Oviedo y la Asociaci\u00f3n Asturiana de Sociolog\u00eda (AAS). Este congreso ha sido realizado tambi\u00e9n con la colaboraci\u00f3n de la Facultad de Comercio, Turismo y CC.SS. Jovellanos en la Laboral Ciudad de la Cultura (Gij\u00f3n). Pod\u00e9is consultar el v\u00eddeo en el siguiente<a href=\"https:\/\/www.youtube.com\/watch?v=c11yvW5sTvY&amp;sns=em\"> enlace<\/a>.<\/p>\n","protected":false},"excerpt":{"rendered":"<p>La Federaci\u00f3n Espa\u00f1ola de Sociolog\u00eda (FES) presenta un v\u00eddeo explicando cu\u00e1l es la funci\u00f3n de esta instituci\u00f3n y muestra el \u00faltimo Congreso Espa\u00f1ol de Sociolog\u00eda, en el que ha participado activamente el Departamento de Sociolog\u00eda de la Universidad de Oviedo y la Asociaci\u00f3n Asturiana de Sociolog\u00eda (AAS). Este congreso ha sido realizado tambi\u00e9n con la [&hellip;]<\/p>\n","protected":false},"author":3,"featured_media":2152,"comment_status":"open","ping_status":"open","sticky":false,"template":"","format":"standard","meta":{"_genesis_hide_title":false,"_genesis_hide_breadcrumbs":false,"_genesis_hide_singular_image":false,"_genesis_hide_footer_widgets":false,"_genesis_custom_body_class":"","_genesis_custom_post_class":"","_genesis_layout":"","footnotes":""},"categories":[37],"tags":[],"class_list":{"0":"post-2151","1":"post","2":"type-post","3":"status-publish","4":"format-standard","5":"has-post-thumbnail","7":"category-noticias","8":"entry","9":"gs-1","10":"gs-odd","11":"gs-even","12":"gs-featured-content-entry"},"_links":{"self":[{"href":"https:\/\/www.unioviedo.es\/socialimen\/wp-json\/wp\/v2\/posts\/2151","targetHints":{"allow":["GET"]}}],"collection":[{"href":"https:\/\/www.unioviedo.es\/socialimen\/wp-json\/wp\/v2\/posts"}],"about":[{"href":"https:\/\/www.unioviedo.es\/socialimen\/wp-json\/wp\/v2\/types\/post"}],"author":[{"embeddable":true,"href":"https:\/\/www.unioviedo.es\/socialimen\/wp-json\/wp\/v2\/users\/3"}],"replies":[{"embeddable":true,"href":"https:\/\/www.unioviedo.es\/socialimen\/wp-json\/wp\/v2\/comments?post=2151"}],"version-history":[{"count":7,"href":"https:\/\/www.unioviedo.es\/socialimen\/wp-json\/wp\/v2\/posts\/2151\/revisions"}],"predecessor-version":[{"id":2159,"href":"https:\/\/www.unioviedo.es\/socialimen\/wp-json\/wp\/v2\/posts\/2151\/revisions\/2159"}],"wp:featuredmedia":[{"embeddable":true,"href":"https:\/\/www.unioviedo.es\/socialimen\/wp-json\/wp\/v2\/media\/2152"}],"wp:attachment":[{"href":"https:\/\/www.unioviedo.es\/socialimen\/wp-json\/wp\/v2\/media?parent=2151"}],"wp:term":[{"taxonomy":"category","embeddable":true,"href":"https:\/\/www.unioviedo.es\/socialimen\/wp-json\/wp\/v2\/categories?post=2151"},{"taxonomy":"post_tag","embeddable":true,"href":"https:\/\/www.unioviedo.es\/socialimen\/wp-json\/wp\/v2\/tags?post=2151"}],"curies":[{"name":"wp","href":"https:\/\/api.w.org\/{rel}","templated":true}]}}