{"id":3342,"date":"2021-02-17T15:05:51","date_gmt":"2021-02-17T14:05:51","guid":{"rendered":"https:\/\/www.unioviedo.es\/socialimen\/?p=3342"},"modified":"2021-02-17T15:05:51","modified_gmt":"2021-02-17T14:05:51","slug":"la-profesora-nuria-hernandez-nanclares-del-gi-socialimen-participa-en-el-foro-el-reto-de-ensenar-y-aprender-en-tiempos-de-pandemia-de-la-fundacion-cyd","status":"publish","type":"post","link":"https:\/\/www.unioviedo.es\/socialimen\/la-profesora-nuria-hernandez-nanclares-del-gi-socialimen-participa-en-el-foro-el-reto-de-ensenar-y-aprender-en-tiempos-de-pandemia-de-la-fundacion-cyd\/","title":{"rendered":"La profesora N\u00faria Hern\u00e1ndez Nanclares del GI SOCIALIMEN participa en el foro \u201cEl reto de ense\u00f1ar y aprender en tiempos de pandemia\u201d de la Fundaci\u00f3n CYD"},"content":{"rendered":"<p><img loading=\"lazy\" decoding=\"async\" class=\"size-medium wp-image-1635 alignleft\" src=\"https:\/\/www.unioviedo.es\/socialimen\/wp-content\/uploads\/2016\/02\/N\u00faria-Hernandez-Nanclares-250x300.jpg\" alt=\"\" width=\"250\" height=\"300\" srcset=\"https:\/\/www.unioviedo.es\/socialimen\/wp-content\/uploads\/2016\/02\/N\u00faria-Hernandez-Nanclares-250x300.jpg 250w, https:\/\/www.unioviedo.es\/socialimen\/wp-content\/uploads\/2016\/02\/N\u00faria-Hernandez-Nanclares-768x923.jpg 768w, https:\/\/www.unioviedo.es\/socialimen\/wp-content\/uploads\/2016\/02\/N\u00faria-Hernandez-Nanclares-852x1024.jpg 852w, https:\/\/www.unioviedo.es\/socialimen\/wp-content\/uploads\/2016\/02\/N\u00faria-Hernandez-Nanclares.jpg 999w\" sizes=\"auto, (max-width: 250px) 100vw, 250px\" \/>La profesora N\u00faria Hern\u00e1ndez Nanclares de nuestro Grupo de Investigaci\u00f3n en Sociolog\u00eda de la Alimentaci\u00f3n participar\u00e1 en el foro \u201cEl reto de ense\u00f1ar y aprender en tiempos de pandemia\u201d de la Fundaci\u00f3n CYD que tendr\u00e1 lugar el d\u00eda 25 de febrero.<\/p>\n<p>Nuestra compa\u00f1era, junto con otros profesores expertos en materia de ense\u00f1anza online y alumnos, tratar\u00e1 temas concernientes a los desaf\u00edos de la migraci\u00f3n de las clases a las aulas virtuales, la adquisici\u00f3n de nuevas competencias y recursos virtuales para solventar el valor inherente de la presencialidad y las dificultades que ha supuesto realizar las evaluaciones online en las universidades, entre otros temas.<\/p>\n<p>Para m\u00e1s informaci\u00f3n sobre el foro se puede consultar el siguiente <a href=\"https:\/\/www.fundacioncyd.org\/agenda\/reto-ensenar-aprender-pandemia\/?utm_medium=email&amp;_hsmi=110403039&amp;_hsenc=p2ANqtz-_wmLIuT0hZQtxwQbBrh137Vu3QLCzMuA9G8pcBQi-YIttA_pvBygooqlCJ6EwHN5VzIQC8ElYhGOnoi64qW_2aXGKe3w&amp;utm_content=110403039&amp;utm_source=hs_email\">enlace<\/a>.<\/p>\n","protected":false},"excerpt":{"rendered":"<p>La profesora N\u00faria Hern\u00e1ndez Nanclares de nuestro Grupo de Investigaci\u00f3n en Sociolog\u00eda de la Alimentaci\u00f3n participar\u00e1 en el foro \u201cEl reto de ense\u00f1ar y aprender en tiempos de pandemia\u201d de la Fundaci\u00f3n CYD que tendr\u00e1 lugar el d\u00eda 25 de febrero. Nuestra compa\u00f1era, junto con otros profesores expertos en materia de ense\u00f1anza online y alumnos, [&hellip;]<\/p>\n","protected":false},"author":3,"featured_media":1635,"comment_status":"open","ping_status":"open","sticky":false,"template":"","format":"standard","meta":{"_genesis_hide_title":false,"_genesis_hide_breadcrumbs":false,"_genesis_hide_singular_image":false,"_genesis_hide_footer_widgets":false,"_genesis_custom_body_class":"","_genesis_custom_post_class":"","_genesis_layout":"","footnotes":""},"categories":[37],"tags":[],"class_list":{"0":"post-3342","1":"post","2":"type-post","3":"status-publish","4":"format-standard","5":"has-post-thumbnail","7":"category-noticias","8":"entry","9":"gs-1","10":"gs-odd","11":"gs-even","12":"gs-featured-content-entry"},"_links":{"self":[{"href":"https:\/\/www.unioviedo.es\/socialimen\/wp-json\/wp\/v2\/posts\/3342","targetHints":{"allow":["GET"]}}],"collection":[{"href":"https:\/\/www.unioviedo.es\/socialimen\/wp-json\/wp\/v2\/posts"}],"about":[{"href":"https:\/\/www.unioviedo.es\/socialimen\/wp-json\/wp\/v2\/types\/post"}],"author":[{"embeddable":true,"href":"https:\/\/www.unioviedo.es\/socialimen\/wp-json\/wp\/v2\/users\/3"}],"replies":[{"embeddable":true,"href":"https:\/\/www.unioviedo.es\/socialimen\/wp-json\/wp\/v2\/comments?post=3342"}],"version-history":[{"count":2,"href":"https:\/\/www.unioviedo.es\/socialimen\/wp-json\/wp\/v2\/posts\/3342\/revisions"}],"predecessor-version":[{"id":3344,"href":"https:\/\/www.unioviedo.es\/socialimen\/wp-json\/wp\/v2\/posts\/3342\/revisions\/3344"}],"wp:featuredmedia":[{"embeddable":true,"href":"https:\/\/www.unioviedo.es\/socialimen\/wp-json\/wp\/v2\/media\/1635"}],"wp:attachment":[{"href":"https:\/\/www.unioviedo.es\/socialimen\/wp-json\/wp\/v2\/media?parent=3342"}],"wp:term":[{"taxonomy":"category","embeddable":true,"href":"https:\/\/www.unioviedo.es\/socialimen\/wp-json\/wp\/v2\/categories?post=3342"},{"taxonomy":"post_tag","embeddable":true,"href":"https:\/\/www.unioviedo.es\/socialimen\/wp-json\/wp\/v2\/tags?post=3342"}],"curies":[{"name":"wp","href":"https:\/\/api.w.org\/{rel}","templated":true}]}}