{"id":3459,"date":"2021-11-04T12:15:45","date_gmt":"2021-11-04T11:15:45","guid":{"rendered":"https:\/\/www.unioviedo.es\/socialimen\/?p=3459"},"modified":"2021-11-04T12:29:58","modified_gmt":"2021-11-04T11:29:58","slug":"socialimen-participa-en-el-proyecto-elder-el-reto-de-envejecer","status":"publish","type":"post","link":"https:\/\/www.unioviedo.es\/socialimen\/socialimen-participa-en-el-proyecto-elder-el-reto-de-envejecer\/","title":{"rendered":"SOCIALIMEN participa en el proyecto ELDER \u00abEl reto de envejecer\u00bb"},"content":{"rendered":"<p><img loading=\"lazy\" decoding=\"async\" class=\"size-medium wp-image-3460 alignleft\" src=\"https:\/\/www.unioviedo.es\/socialimen\/wp-content\/uploads\/2021\/11\/Carteleria-ELDER-socialimen-y-promebi_rv2-300x225.jpg\" alt=\"\" width=\"300\" height=\"225\" srcset=\"https:\/\/www.unioviedo.es\/socialimen\/wp-content\/uploads\/2021\/11\/Carteleria-ELDER-socialimen-y-promebi_rv2-300x225.jpg 300w, https:\/\/www.unioviedo.es\/socialimen\/wp-content\/uploads\/2021\/11\/Carteleria-ELDER-socialimen-y-promebi_rv2-1024x768.jpg 1024w, https:\/\/www.unioviedo.es\/socialimen\/wp-content\/uploads\/2021\/11\/Carteleria-ELDER-socialimen-y-promebi_rv2-768x576.jpg 768w, https:\/\/www.unioviedo.es\/socialimen\/wp-content\/uploads\/2021\/11\/Carteleria-ELDER-socialimen-y-promebi_rv2.jpg 1344w\" sizes=\"auto, (max-width: 300px) 100vw, 300px\" \/>Nuestro Grupo de Investigaci\u00f3n SOCIALIMEN participa en el proyecto ELDER \u00abEl reto de envejecer\u00bb financiado por el Plan de Ciencia, Tecnolog\u00eda e Innovaci\u00f3n de Asturias (PTCI) 2018-2022 (Misiones cient\u00edficas de Asturias). Dentro de este proyecto se cuenta con la colaboraci\u00f3n de Cecilia D\u00edaz-M\u00e9ndez, Trinidad Pascual Fern\u00e1ndez y Sonia Otero Est\u00e9vez del grupo SOCIALIMEN; miembros del grupo de PROMEBI (Promoviendo el Empleo y el Bienestar en Europa) y otros colegas del Departamento de Sociolog\u00eda de la Universidad de Oviedo.<\/p>\n","protected":false},"excerpt":{"rendered":"<p>Nuestro Grupo de Investigaci\u00f3n SOCIALIMEN participa en el proyecto ELDER \u00abEl reto de envejecer\u00bb financiado por el Plan de Ciencia, Tecnolog\u00eda e Innovaci\u00f3n de Asturias (PTCI) 2018-2022 (Misiones cient\u00edficas de Asturias). Dentro de este proyecto se cuenta con la colaboraci\u00f3n de Cecilia D\u00edaz-M\u00e9ndez, Trinidad Pascual Fern\u00e1ndez y Sonia Otero Est\u00e9vez del grupo SOCIALIMEN; miembros del [&hellip;]<\/p>\n","protected":false},"author":3,"featured_media":3460,"comment_status":"open","ping_status":"open","sticky":false,"template":"","format":"standard","meta":{"_genesis_hide_title":false,"_genesis_hide_breadcrumbs":false,"_genesis_hide_singular_image":false,"_genesis_hide_footer_widgets":false,"_genesis_custom_body_class":"","_genesis_custom_post_class":"","_genesis_layout":"","footnotes":""},"categories":[37],"tags":[],"class_list":{"0":"post-3459","1":"post","2":"type-post","3":"status-publish","4":"format-standard","5":"has-post-thumbnail","7":"category-noticias","8":"entry","9":"gs-1","10":"gs-odd","11":"gs-even","12":"gs-featured-content-entry"},"_links":{"self":[{"href":"https:\/\/www.unioviedo.es\/socialimen\/wp-json\/wp\/v2\/posts\/3459","targetHints":{"allow":["GET"]}}],"collection":[{"href":"https:\/\/www.unioviedo.es\/socialimen\/wp-json\/wp\/v2\/posts"}],"about":[{"href":"https:\/\/www.unioviedo.es\/socialimen\/wp-json\/wp\/v2\/types\/post"}],"author":[{"embeddable":true,"href":"https:\/\/www.unioviedo.es\/socialimen\/wp-json\/wp\/v2\/users\/3"}],"replies":[{"embeddable":true,"href":"https:\/\/www.unioviedo.es\/socialimen\/wp-json\/wp\/v2\/comments?post=3459"}],"version-history":[{"count":1,"href":"https:\/\/www.unioviedo.es\/socialimen\/wp-json\/wp\/v2\/posts\/3459\/revisions"}],"predecessor-version":[{"id":3462,"href":"https:\/\/www.unioviedo.es\/socialimen\/wp-json\/wp\/v2\/posts\/3459\/revisions\/3462"}],"wp:featuredmedia":[{"embeddable":true,"href":"https:\/\/www.unioviedo.es\/socialimen\/wp-json\/wp\/v2\/media\/3460"}],"wp:attachment":[{"href":"https:\/\/www.unioviedo.es\/socialimen\/wp-json\/wp\/v2\/media?parent=3459"}],"wp:term":[{"taxonomy":"category","embeddable":true,"href":"https:\/\/www.unioviedo.es\/socialimen\/wp-json\/wp\/v2\/categories?post=3459"},{"taxonomy":"post_tag","embeddable":true,"href":"https:\/\/www.unioviedo.es\/socialimen\/wp-json\/wp\/v2\/tags?post=3459"}],"curies":[{"name":"wp","href":"https:\/\/api.w.org\/{rel}","templated":true}]}}