{"id":3512,"date":"2022-10-25T12:23:14","date_gmt":"2022-10-25T10:23:14","guid":{"rendered":"https:\/\/www.unioviedo.es\/socialimen\/?p=3512"},"modified":"2022-10-25T12:23:14","modified_gmt":"2022-10-25T10:23:14","slug":"cecilia-diaz-mendez-participa-en-el-xiv-congreso-de-la-sociedad-espanola-de-nutricion-comunitaria","status":"publish","type":"post","link":"https:\/\/www.unioviedo.es\/socialimen\/cecilia-diaz-mendez-participa-en-el-xiv-congreso-de-la-sociedad-espanola-de-nutricion-comunitaria\/","title":{"rendered":"Cecilia D\u00edaz-M\u00e9ndez participa en el XIV Congreso de la Sociedad Espa\u00f1ola de Nutrici\u00f3n Comunitaria"},"content":{"rendered":"<p><img loading=\"lazy\" decoding=\"async\" class=\"size-medium wp-image-3513 alignleft\" src=\"https:\/\/www.unioviedo.es\/socialimen\/wp-content\/uploads\/2022\/10\/Captura-de-pantalla-2022-10-25-122121-300x216.jpg\" alt=\"\" width=\"300\" height=\"216\" srcset=\"https:\/\/www.unioviedo.es\/socialimen\/wp-content\/uploads\/2022\/10\/Captura-de-pantalla-2022-10-25-122121-300x216.jpg 300w, https:\/\/www.unioviedo.es\/socialimen\/wp-content\/uploads\/2022\/10\/Captura-de-pantalla-2022-10-25-122121-1024x736.jpg 1024w, https:\/\/www.unioviedo.es\/socialimen\/wp-content\/uploads\/2022\/10\/Captura-de-pantalla-2022-10-25-122121-768x552.jpg 768w, https:\/\/www.unioviedo.es\/socialimen\/wp-content\/uploads\/2022\/10\/Captura-de-pantalla-2022-10-25-122121.jpg 1366w\" sizes=\"auto, (max-width: 300px) 100vw, 300px\" \/>Cecilia D\u00edaz-M\u00e9ndez participa en el XIV Congreso de la Sociedad Espa\u00f1ola de Nutrici\u00f3n Comunitaria (20-22 de octubre de 2022, Segovia) en la mesa redonda de Alimentaci\u00f3n y Sociedad con la ponencia titulada: <em><span id=\"page32R_mcid11\" class=\"markedContent\"><span dir=\"ltr\" role=\"presentation\">Claves para entender la alimentaci\u00f3n fuera del hogar en Espa\u00f1a<\/span><\/span><\/em><span id=\"page32R_mcid11\" class=\"markedContent\"><span dir=\"ltr\" role=\"presentation\">.<\/span><\/span><\/p>\n","protected":false},"excerpt":{"rendered":"<p>Cecilia D\u00edaz-M\u00e9ndez participa en el XIV Congreso de la Sociedad Espa\u00f1ola de Nutrici\u00f3n Comunitaria (20-22 de octubre de 2022, Segovia) en la mesa redonda de Alimentaci\u00f3n y Sociedad con la ponencia titulada: Claves para entender la alimentaci\u00f3n fuera del hogar en Espa\u00f1a.<\/p>\n","protected":false},"author":3,"featured_media":3513,"comment_status":"open","ping_status":"open","sticky":false,"template":"","format":"standard","meta":{"_genesis_hide_title":false,"_genesis_hide_breadcrumbs":false,"_genesis_hide_singular_image":false,"_genesis_hide_footer_widgets":false,"_genesis_custom_body_class":"","_genesis_custom_post_class":"","_genesis_layout":"","footnotes":""},"categories":[37],"tags":[],"class_list":{"0":"post-3512","1":"post","2":"type-post","3":"status-publish","4":"format-standard","5":"has-post-thumbnail","7":"category-noticias","8":"entry","9":"gs-1","10":"gs-odd","11":"gs-even","12":"gs-featured-content-entry"},"_links":{"self":[{"href":"https:\/\/www.unioviedo.es\/socialimen\/wp-json\/wp\/v2\/posts\/3512","targetHints":{"allow":["GET"]}}],"collection":[{"href":"https:\/\/www.unioviedo.es\/socialimen\/wp-json\/wp\/v2\/posts"}],"about":[{"href":"https:\/\/www.unioviedo.es\/socialimen\/wp-json\/wp\/v2\/types\/post"}],"author":[{"embeddable":true,"href":"https:\/\/www.unioviedo.es\/socialimen\/wp-json\/wp\/v2\/users\/3"}],"replies":[{"embeddable":true,"href":"https:\/\/www.unioviedo.es\/socialimen\/wp-json\/wp\/v2\/comments?post=3512"}],"version-history":[{"count":1,"href":"https:\/\/www.unioviedo.es\/socialimen\/wp-json\/wp\/v2\/posts\/3512\/revisions"}],"predecessor-version":[{"id":3515,"href":"https:\/\/www.unioviedo.es\/socialimen\/wp-json\/wp\/v2\/posts\/3512\/revisions\/3515"}],"wp:featuredmedia":[{"embeddable":true,"href":"https:\/\/www.unioviedo.es\/socialimen\/wp-json\/wp\/v2\/media\/3513"}],"wp:attachment":[{"href":"https:\/\/www.unioviedo.es\/socialimen\/wp-json\/wp\/v2\/media?parent=3512"}],"wp:term":[{"taxonomy":"category","embeddable":true,"href":"https:\/\/www.unioviedo.es\/socialimen\/wp-json\/wp\/v2\/categories?post=3512"},{"taxonomy":"post_tag","embeddable":true,"href":"https:\/\/www.unioviedo.es\/socialimen\/wp-json\/wp\/v2\/tags?post=3512"}],"curies":[{"name":"wp","href":"https:\/\/api.w.org\/{rel}","templated":true}]}}