{"id":3805,"date":"2023-08-25T12:40:16","date_gmt":"2023-08-25T10:40:16","guid":{"rendered":"https:\/\/www.unioviedo.es\/socialimen\/?p=3805"},"modified":"2023-08-25T12:40:16","modified_gmt":"2023-08-25T10:40:16","slug":"comienza-el-congreso-esa-en-gijon","status":"publish","type":"post","link":"https:\/\/www.unioviedo.es\/socialimen\/comienza-el-congreso-esa-en-gijon\/","title":{"rendered":"Comienza el congreso ESA en Gij\u00f3n"},"content":{"rendered":"<p class=\"x_x_MsoNormal\"><span class=\"x_x_ContentPasted0 x_ContentPasted2\"><img loading=\"lazy\" decoding=\"async\" class=\"size-medium wp-image-3806 alignleft\" src=\"https:\/\/www.unioviedo.es\/socialimen\/wp-content\/uploads\/2023\/08\/Copia-de-POSTER-CONGRESO-GIJON-212x300.png\" alt=\"\" width=\"212\" height=\"300\" srcset=\"https:\/\/www.unioviedo.es\/socialimen\/wp-content\/uploads\/2023\/08\/Copia-de-POSTER-CONGRESO-GIJON-212x300.png 212w, https:\/\/www.unioviedo.es\/socialimen\/wp-content\/uploads\/2023\/08\/Copia-de-POSTER-CONGRESO-GIJON-724x1024.png 724w, https:\/\/www.unioviedo.es\/socialimen\/wp-content\/uploads\/2023\/08\/Copia-de-POSTER-CONGRESO-GIJON-768x1086.png 768w, https:\/\/www.unioviedo.es\/socialimen\/wp-content\/uploads\/2023\/08\/Copia-de-POSTER-CONGRESO-GIJON-1086x1536.png 1086w, https:\/\/www.unioviedo.es\/socialimen\/wp-content\/uploads\/2023\/08\/Copia-de-POSTER-CONGRESO-GIJON-1448x2048.png 1448w, https:\/\/www.unioviedo.es\/socialimen\/wp-content\/uploads\/2023\/08\/Copia-de-POSTER-CONGRESO-GIJON.png 1587w\" sizes=\"auto, (max-width: 212px) 100vw, 212px\" \/>En breve nos encontraremos en Gij\u00f3n para pasar dos d\u00edas dialogando sobre consumo, alimentaci\u00f3n, crisis y sobre los m\u00faltiples retos que nos presentan estos tiempos.\u00a0<\/span><\/p>\n<p class=\"x_x_MsoNormal\"><span class=\"x_x_ContentPasted0 x_ContentPasted2\">Os recordamos que<a href=\"https:\/\/www.unioviedo.es\/socialimen\/iii-congreso-espanol-sociologia-la-alimentacion-retos-cientificos-los-estudios-sociales-la-alimentacion-conflictos-torno-la-dieta-saludable\/esa-rn5-sociology-of-consumption-the-sociology-of-consumption-bonding-beyond-boundaries-2023-mini-midterm-meetings-in-multiple-locations\/\"> el programa esta disponible para descargar en nuestra web<\/a>, para tener toda la informaci\u00f3n sobre las mesas y sus horarios. Asimismo, os animamos a realizar <b class=\"x_ContentPasted2\">presentaciones de vuestros trabajos<\/b>\u00a0en las mesas correspondientes de\u00a0<b class=\"x_ContentPasted2\">entre 10 y 15 minutos<\/b>, para poder tener un amplio di\u00e1logo posterior.<\/span><\/p>\n<p class=\"x_x_MsoNormal\"><span class=\"x_x_ContentPasted0 x_ContentPasted2\">Muchas gracias por venir a este encuentro en Gij\u00f3n, teniendo en cuenta las fechas. Esperamos que sea un encuentro de aprendizaje y disfrute para todos\/as. <b class=\"x_ContentPasted2\">Os esperamos el lunes 28 a las 8.30 am en la sala Paraninfo de la Universidad Laboral<\/b>\u00a0para realizar las acreditaciones y la bienvenida internacional.\u00a0<\/span><\/p>\n","protected":false},"excerpt":{"rendered":"<p>En breve nos encontraremos en Gij\u00f3n para pasar dos d\u00edas dialogando sobre consumo, alimentaci\u00f3n, crisis y sobre los m\u00faltiples retos que nos presentan estos tiempos.\u00a0 Os recordamos que el programa esta disponible para descargar en nuestra web, para tener toda la informaci\u00f3n sobre las mesas y sus horarios. Asimismo, os animamos a realizar presentaciones de [&hellip;]<\/p>\n","protected":false},"author":5,"featured_media":3806,"comment_status":"open","ping_status":"open","sticky":false,"template":"","format":"standard","meta":{"_genesis_hide_title":false,"_genesis_hide_breadcrumbs":false,"_genesis_hide_singular_image":false,"_genesis_hide_footer_widgets":false,"_genesis_custom_body_class":"","_genesis_custom_post_class":"","_genesis_layout":"","footnotes":""},"categories":[70,37],"tags":[],"class_list":{"0":"post-3805","1":"post","2":"type-post","3":"status-publish","4":"format-standard","5":"has-post-thumbnail","7":"category-destacados","8":"category-noticias","9":"entry","10":"gs-1","11":"gs-odd","12":"gs-even","13":"gs-featured-content-entry"},"_links":{"self":[{"href":"https:\/\/www.unioviedo.es\/socialimen\/wp-json\/wp\/v2\/posts\/3805","targetHints":{"allow":["GET"]}}],"collection":[{"href":"https:\/\/www.unioviedo.es\/socialimen\/wp-json\/wp\/v2\/posts"}],"about":[{"href":"https:\/\/www.unioviedo.es\/socialimen\/wp-json\/wp\/v2\/types\/post"}],"author":[{"embeddable":true,"href":"https:\/\/www.unioviedo.es\/socialimen\/wp-json\/wp\/v2\/users\/5"}],"replies":[{"embeddable":true,"href":"https:\/\/www.unioviedo.es\/socialimen\/wp-json\/wp\/v2\/comments?post=3805"}],"version-history":[{"count":1,"href":"https:\/\/www.unioviedo.es\/socialimen\/wp-json\/wp\/v2\/posts\/3805\/revisions"}],"predecessor-version":[{"id":3812,"href":"https:\/\/www.unioviedo.es\/socialimen\/wp-json\/wp\/v2\/posts\/3805\/revisions\/3812"}],"wp:featuredmedia":[{"embeddable":true,"href":"https:\/\/www.unioviedo.es\/socialimen\/wp-json\/wp\/v2\/media\/3806"}],"wp:attachment":[{"href":"https:\/\/www.unioviedo.es\/socialimen\/wp-json\/wp\/v2\/media?parent=3805"}],"wp:term":[{"taxonomy":"category","embeddable":true,"href":"https:\/\/www.unioviedo.es\/socialimen\/wp-json\/wp\/v2\/categories?post=3805"},{"taxonomy":"post_tag","embeddable":true,"href":"https:\/\/www.unioviedo.es\/socialimen\/wp-json\/wp\/v2\/tags?post=3805"}],"curies":[{"name":"wp","href":"https:\/\/api.w.org\/{rel}","templated":true}]}}