{"id":3907,"date":"2023-10-04T13:48:31","date_gmt":"2023-10-04T11:48:31","guid":{"rendered":"https:\/\/www.unioviedo.es\/socialimen\/?p=3907"},"modified":"2023-10-04T14:00:01","modified_gmt":"2023-10-04T12:00:01","slug":"consorcio-elder-el-reto-de-envejecer-longevidad-y-envejecimiento","status":"publish","type":"post","link":"https:\/\/www.unioviedo.es\/socialimen\/consorcio-elder-el-reto-de-envejecer-longevidad-y-envejecimiento\/","title":{"rendered":"CONSORCIO ELDER. EL RETO DE ENVEJECER. Longevidad y envejecimiento"},"content":{"rendered":"<p>Subvenci\u00f3n a los consorcios de las Misiones Cient\u00edficas del Principado de Asturias.<\/p>\n<ol>\n<li>Enrique Caso Onzain MY OMICS SL<\/li>\n<\/ol>\n<p>Consejer\u00eda de Ciencia, Innovaci\u00f3n y Universidad<\/p>\n<p>2021-2022<\/p>\n<p>Referencia: SV-PA-AYUD\/2021\/9867-2<\/p>\n<p>Coordinaci\u00f3n parte social del proyecto: CECILIA D\u00cdAZ M\u00c9NDEZ<\/p>\n<p>Coordinaci\u00f3n cient\u00edfica en UNIOVI. ANA MARIA COTO<\/p>\n<p>&nbsp;<\/p>\n<p>Resumen del Proyecto piloto:<\/p>\n<p>Si bien el concepto de envejecimiento puede ser definido de forma global, la heterogeneidad de la poblaci\u00f3n de mayor edad hace que sea imprescindible identificar sus caracter\u00edsticas si queremos analizar correctamente a este colectivo con el fin de ofrecer pautas de acci\u00f3n que se traduzcan en pol\u00edticas efectivas de apoyo para afrontar sus problemas de forma eficiente y eficaz. Se precisa, para ello, un conocimiento profundo de las caracter\u00edsticas que diferencian y definen a la poblaci\u00f3n mayor del Principado de Asturias, pero ese conocimiento debe ser integral, ambicioso, tanto en t\u00e9rminos socioecon\u00f3micos, como contextuales, en t\u00e9rminos cl\u00ednicos, epidemiol\u00f3gicos, biol\u00f3gicos, tecnol\u00f3gicos y funcionales. Que incluya y aproveche de forma competente la amplia informaci\u00f3n que se ha generado hasta el momento en nuestra comunidad sobre este tema pero que actualmente aparece dispersa y sesgada. Con esta intenci\u00f3n en este proyecto participan soci\u00f3logos, geriatras, bi\u00f3logos, administraci\u00f3n p\u00fablica, centros de investigaci\u00f3n, empresas de\u00a0 base tecnol\u00f3gica, empresas biom\u00e9dicas, pero tambi\u00e9n residencias y las propias personas mayores valorando y estudiando nuestros resultados y propuestas. Todos encaminados a conseguir la mejor caracterizaci\u00f3n de la poblaci\u00f3n de personas mayores, en este proyecto piloto, sustituida por la cohorte ELDER como muestra poblacional.<\/p>\n<p>&nbsp;<\/p>\n<p>RESUMEN PARTICIPACI\u00d3N DEL EQUIPO. Equipo SOCIAL del proyecto ELDER. Esta \u00e1rea ha tenido como objetivo afrontar el an\u00e1lisis del envejecimiento desde una perspectiva social y ha tenido como tarea principal la realizaci\u00f3n de una encuesta orientada a conocer las condiciones de vida de la poblaci\u00f3n mayor de 65 a\u00f1os del Principado de Asturias.\u00a0 La particularidad de esta propuesta estriba en la necesidad de combinar los datos sociol\u00f3gicos de este colectivo con los datos procedentes de los an\u00e1lisis fisiol\u00f3gicos del mismo proyecto ELDER.<\/p>\n<p>Para ello se han realizados varias tareas, todas ellas orientadas a realizar un pre-test que pudiera ser tomado como referencia para el desarrollo de un proyecto futuro sobre las condiciones de vida de la poblaci\u00f3n asturiana mayor de 65 a\u00f1os y que combinase medidas de car\u00e1cter social con medidas de tipo fisiol\u00f3gico, ambas ligadas al proceso de envejecimiento de la poblaci\u00f3n y aplicadas en el Principado de Asturias.<\/p>\n<p>Cabe destacar que es com\u00fan encontrarse con estudios que analizan aisladamente los aspectos sociales del envejecimiento o los aspectos fisiol\u00f3gicos del envejecimiento por separado. Sin embargo, la\u00a0 novedad del proyecto ELDER estriba en la conjunci\u00f3n de ambas perspectivas, lo que ha permitido contar con <strong>datos sociales y fisiol\u00f3gicos sobre los mismos sujetos de estudio<\/strong>. Adem\u00e1s, la incorporaci\u00f3n de analistas de datos en el CONSORCIO ha permitido que la informaci\u00f3n procedente de las mediciones de ambas \u00e1reas (social y biol\u00f3gica) puedan ser analizadas conjuntamente y ofrecer, por primera vez, una aproximaci\u00f3n al proceso de envejecimiento, y m\u00e1s concretamente al \u00edndice de fragilidad, un indicador en el que se incluyen dimensiones tanto sociales como biol\u00f3gicas.<\/p>\n<p>Para la realizaci\u00f3n de la encuesta que se plantea afrontar es preciso seguir un procedimiento de investigaci\u00f3n que finalice con un cuestionario\u00a0 en el que se contengan todas las \u00e1reas susceptibles de estudio desde un punto de vista sociol\u00f3gico. Aunque la parte t\u00e9cnica del cuestionario es realizada por el equipo del proyecto, se precisa la contrataci\u00f3n de una persona que realice la encuesta con la formaci\u00f3n necesaria para su implementaci\u00f3n en personas mayores, un\/a asistente de investigaci\u00f3n. Se plantea, por ello, la contrataci\u00f3n de una persona formada en Trabajo Social y conocedora de t\u00e9cnicas de investigaci\u00f3n social.<\/p>\n","protected":false},"excerpt":{"rendered":"<p>Subvenci\u00f3n a los consorcios de las Misiones Cient\u00edficas del Principado de Asturias. Enrique Caso Onzain MY OMICS SL Consejer\u00eda de Ciencia, Innovaci\u00f3n y Universidad 2021-2022 Referencia: SV-PA-AYUD\/2021\/9867-2 Coordinaci\u00f3n parte social del proyecto: CECILIA D\u00cdAZ M\u00c9NDEZ Coordinaci\u00f3n cient\u00edfica en UNIOVI. ANA MARIA COTO &nbsp; Resumen del Proyecto piloto: Si bien el concepto de envejecimiento puede ser [&hellip;]<\/p>\n","protected":false},"author":5,"featured_media":0,"comment_status":"open","ping_status":"open","sticky":false,"template":"","format":"standard","meta":{"_genesis_hide_title":false,"_genesis_hide_breadcrumbs":false,"_genesis_hide_singular_image":false,"_genesis_hide_footer_widgets":false,"_genesis_custom_body_class":"","_genesis_custom_post_class":"","_genesis_layout":"","footnotes":""},"categories":[15],"tags":[],"class_list":{"0":"post-3907","1":"post","2":"type-post","3":"status-publish","4":"format-standard","6":"category-proyectos-nacionales-e-internacionales","7":"entry","8":"gs-1","9":"gs-odd","10":"gs-even","11":"gs-featured-content-entry"},"_links":{"self":[{"href":"https:\/\/www.unioviedo.es\/socialimen\/wp-json\/wp\/v2\/posts\/3907","targetHints":{"allow":["GET"]}}],"collection":[{"href":"https:\/\/www.unioviedo.es\/socialimen\/wp-json\/wp\/v2\/posts"}],"about":[{"href":"https:\/\/www.unioviedo.es\/socialimen\/wp-json\/wp\/v2\/types\/post"}],"author":[{"embeddable":true,"href":"https:\/\/www.unioviedo.es\/socialimen\/wp-json\/wp\/v2\/users\/5"}],"replies":[{"embeddable":true,"href":"https:\/\/www.unioviedo.es\/socialimen\/wp-json\/wp\/v2\/comments?post=3907"}],"version-history":[{"count":3,"href":"https:\/\/www.unioviedo.es\/socialimen\/wp-json\/wp\/v2\/posts\/3907\/revisions"}],"predecessor-version":[{"id":3911,"href":"https:\/\/www.unioviedo.es\/socialimen\/wp-json\/wp\/v2\/posts\/3907\/revisions\/3911"}],"wp:attachment":[{"href":"https:\/\/www.unioviedo.es\/socialimen\/wp-json\/wp\/v2\/media?parent=3907"}],"wp:term":[{"taxonomy":"category","embeddable":true,"href":"https:\/\/www.unioviedo.es\/socialimen\/wp-json\/wp\/v2\/categories?post=3907"},{"taxonomy":"post_tag","embeddable":true,"href":"https:\/\/www.unioviedo.es\/socialimen\/wp-json\/wp\/v2\/tags?post=3907"}],"curies":[{"name":"wp","href":"https:\/\/api.w.org\/{rel}","templated":true}]}}