{"id":4000,"date":"2024-02-21T12:20:24","date_gmt":"2024-02-21T11:20:24","guid":{"rendered":"https:\/\/www.unioviedo.es\/socialimen\/?p=4000"},"modified":"2024-02-21T12:22:07","modified_gmt":"2024-02-21T11:22:07","slug":"nuestra-companera-sonia-una-de-las-cinco-investigadoras-asturianas-entrevistada-por-el-dia-de-la-mujer-y-la-nina-en-la-ciencia","status":"publish","type":"post","link":"https:\/\/www.unioviedo.es\/socialimen\/nuestra-companera-sonia-una-de-las-cinco-investigadoras-asturianas-entrevistada-por-el-dia-de-la-mujer-y-la-nina-en-la-ciencia\/","title":{"rendered":"Sonia Otero, una de las cinco investigadoras asturianas entrevistada por el D\u00eda de la Mujer y la Ni\u00f1a en la Ciencia"},"content":{"rendered":"<p><img loading=\"lazy\" decoding=\"async\" class=\"alignleft\" src=\"https:\/\/estaticos-cdn.prensaiberica.es\/clip\/32b804f9-86ca-4187-bcfe-4d707f2cf0ee_21-9-aspect-ratio_default_1281153.jpg\" alt=\"Por la izquierda, Aida Bernardo Fl\u00f3rez, Ana Coto Montes, Mar\u00eda Luisa Fern\u00e1ndez S\u00e1nchez, Camino \u00c1lvarez Castro y Sonia Otero Est\u00e9vez, en un laboratorio de la Facultad de Medicina de Oviedo.\" width=\"547\" height=\"234\" \/><\/p>\n<p style=\"text-align: justify;\">Con\u00a0motivo del D\u00eda de la Mujer y la Ni\u00f1a en la Ciencia, el peri\u00f3dico \u00abLa Nueva Espa\u00f1a\u00bb dedic\u00f3 una de sus secciones a las cient\u00edficas asturianas.<\/p>\n<p style=\"text-align: justify;\">Nuestra compa\u00f1era <a href=\"https:\/\/www.unioviedo.es\/socialimen\/equipo\/investigadores-uniovi\/sonia-otero-estevez\/\">Sonia Otero<\/a>\u00a0ha sido la encargada de representar a las cient\u00edficas sociales en esta reuni\u00f3n de investigadoras asturianas. Se han juntado para hablar de los obst\u00e1culos, pero tambi\u00e9n de los logros de las cient\u00edficas.<\/p>\n<p style=\"text-align: justify;\"><a href=\"https:\/\/www.unioviedo.es\/socialimen\/wp-content\/uploads\/2024\/02\/WhatsApp-Image-2024-02-16-at-15.13.28.jpeg\">Dejamos a vuestra disposici\u00f3n su participaci\u00f3n, disponible para descargar o leer online.<\/a><\/p>\n<p>&nbsp;<\/p>\n<p>&nbsp;<\/p>\n<p>&nbsp;<\/p>\n","protected":false},"excerpt":{"rendered":"<p>Con\u00a0motivo del D\u00eda de la Mujer y la Ni\u00f1a en la Ciencia, el peri\u00f3dico \u00abLa Nueva Espa\u00f1a\u00bb dedic\u00f3 una de sus secciones a las cient\u00edficas asturianas. Nuestra compa\u00f1era Sonia Otero\u00a0ha sido la encargada de representar a las cient\u00edficas sociales en esta reuni\u00f3n de investigadoras asturianas. Se han juntado para hablar de los obst\u00e1culos, pero tambi\u00e9n [&hellip;]<\/p>\n","protected":false},"author":5,"featured_media":0,"comment_status":"open","ping_status":"open","sticky":false,"template":"","format":"standard","meta":{"_genesis_hide_title":false,"_genesis_hide_breadcrumbs":false,"_genesis_hide_singular_image":false,"_genesis_hide_footer_widgets":false,"_genesis_custom_body_class":"","_genesis_custom_post_class":"","_genesis_layout":"","footnotes":""},"categories":[37],"tags":[],"class_list":{"0":"post-4000","1":"post","2":"type-post","3":"status-publish","4":"format-standard","6":"category-noticias","7":"entry","8":"has-post-thumbnail","9":"gs-1","10":"gs-odd","11":"gs-even","12":"gs-featured-content-entry"},"_links":{"self":[{"href":"https:\/\/www.unioviedo.es\/socialimen\/wp-json\/wp\/v2\/posts\/4000","targetHints":{"allow":["GET"]}}],"collection":[{"href":"https:\/\/www.unioviedo.es\/socialimen\/wp-json\/wp\/v2\/posts"}],"about":[{"href":"https:\/\/www.unioviedo.es\/socialimen\/wp-json\/wp\/v2\/types\/post"}],"author":[{"embeddable":true,"href":"https:\/\/www.unioviedo.es\/socialimen\/wp-json\/wp\/v2\/users\/5"}],"replies":[{"embeddable":true,"href":"https:\/\/www.unioviedo.es\/socialimen\/wp-json\/wp\/v2\/comments?post=4000"}],"version-history":[{"count":4,"href":"https:\/\/www.unioviedo.es\/socialimen\/wp-json\/wp\/v2\/posts\/4000\/revisions"}],"predecessor-version":[{"id":4010,"href":"https:\/\/www.unioviedo.es\/socialimen\/wp-json\/wp\/v2\/posts\/4000\/revisions\/4010"}],"wp:attachment":[{"href":"https:\/\/www.unioviedo.es\/socialimen\/wp-json\/wp\/v2\/media?parent=4000"}],"wp:term":[{"taxonomy":"category","embeddable":true,"href":"https:\/\/www.unioviedo.es\/socialimen\/wp-json\/wp\/v2\/categories?post=4000"},{"taxonomy":"post_tag","embeddable":true,"href":"https:\/\/www.unioviedo.es\/socialimen\/wp-json\/wp\/v2\/tags?post=4000"}],"curies":[{"name":"wp","href":"https:\/\/api.w.org\/{rel}","templated":true}]}}