{"id":4023,"date":"2024-03-05T13:31:33","date_gmt":"2024-03-05T12:31:33","guid":{"rendered":"https:\/\/www.unioviedo.es\/socialimen\/?p=4023"},"modified":"2024-03-08T11:30:59","modified_gmt":"2024-03-08T10:30:59","slug":"nuestra-companera-rocio-perez-ganan-ha-desarrollado-el-fanzine-del-modulo-10-de-mujeres-del-centro-penitenciario-de-asturias-2024","status":"publish","type":"post","link":"https:\/\/www.unioviedo.es\/socialimen\/nuestra-companera-rocio-perez-ganan-ha-desarrollado-el-fanzine-del-modulo-10-de-mujeres-del-centro-penitenciario-de-asturias-2024\/","title":{"rendered":"Nuestra compa\u00f1era Roc\u00edo P\u00e9rez Ga\u00f1\u00e1n ha desarrollado el Fanzine del M\u00f3dulo 10 de mujeres del Centro Penitenciario de Asturias, 2024"},"content":{"rendered":"<p><img loading=\"lazy\" decoding=\"async\" class=\" wp-image-4024 alignleft\" src=\"https:\/\/www.unioviedo.es\/socialimen\/wp-content\/uploads\/2024\/03\/Captura-de-pantalla-2024-03-05-132741-210x300.png\" alt=\"\" width=\"253\" height=\"361\" srcset=\"https:\/\/www.unioviedo.es\/socialimen\/wp-content\/uploads\/2024\/03\/Captura-de-pantalla-2024-03-05-132741-210x300.png 210w, https:\/\/www.unioviedo.es\/socialimen\/wp-content\/uploads\/2024\/03\/Captura-de-pantalla-2024-03-05-132741.png 436w\" sizes=\"auto, (max-width: 253px) 100vw, 253px\" \/><\/p>\n<p style=\"text-align: justify;\">Durante el mes de febrero de 2024 se elabor\u00f3 un fanzine con las mujeres del M\u00f3dulo 10 del Centro Penitenciario de Asturias para recoger y poner en valor las fortalezas y las voces de uno de los colectivos m\u00e1s invisibilizados en nuestra sociedad: las mujeres privadas de libertad.<\/p>\n<p style=\"text-align: justify;\">Este proyecto no solo busca visibilizar las realidades que enfrentan estas mujeres, sino tambi\u00e9n fomentar una reflexi\u00f3n cr\u00edtica as\u00ed como un di\u00e1logo social sobre los derechos humanos, la justicia social y la importancia de caminar hacia el empoderamiento y la inclusi\u00f3n real de este colectivo en nuestra sociedad.<\/p>\n<p style=\"text-align: justify;\">Esta iniciativa se enmarca dentro del Proyecto \u201cConstruimos Juntas\u201d del Conseyu de la Moced\u00e1 del Principado de Asturias en colaboraci\u00f3n con el Proyecto de Innovaci\u00f3n Docente \u201cDe \u2018saber\u2019 a \u2018saber ser\u2019: el Fanzine y el Podcast como herramientas de aprendizaje y reflexi\u00f3n colaborativa sobre los desaf\u00edos sociales desde la profesionalizaci\u00f3n del grado acad\u00e9mico (2024-2025)\u201d de los Departamentos de Sociolog\u00eda e Historia del Arte y Musicolog\u00eda pertenecientes a la Universidad de Oviedo.<\/p>\n<p style=\"text-align: justify;\">El fanzine resultante de este trabajo colectivo se publicar\u00e1 y distribuir\u00e1 con motivo de la celebraci\u00f3n del 8 de marzo, el D\u00eda Internacional de la Mujer, f\u00edsicamente y a trav\u00e9s de distintos espacios online como la RUO de la universidad de Oviedo o la web del Conseyu de la Moced\u00e1.<\/p>\n<p>Acceso a m\u00e1s en: https:\/\/digibuo.uniovi.es\/dspace\/handle\/10651\/71790<\/p>\n","protected":false},"excerpt":{"rendered":"<p>Durante el mes de febrero de 2024 se elabor\u00f3 un fanzine con las mujeres del M\u00f3dulo 10 del Centro Penitenciario de Asturias para recoger y poner en valor las fortalezas y las voces de uno de los colectivos m\u00e1s invisibilizados en nuestra sociedad: las mujeres privadas de libertad. Este proyecto no solo busca visibilizar las [&hellip;]<\/p>\n","protected":false},"author":5,"featured_media":4024,"comment_status":"open","ping_status":"open","sticky":false,"template":"","format":"standard","meta":{"_genesis_hide_title":false,"_genesis_hide_breadcrumbs":false,"_genesis_hide_singular_image":false,"_genesis_hide_footer_widgets":false,"_genesis_custom_body_class":"","_genesis_custom_post_class":"","_genesis_layout":"","footnotes":""},"categories":[37],"tags":[],"class_list":{"0":"post-4023","1":"post","2":"type-post","3":"status-publish","4":"format-standard","5":"has-post-thumbnail","7":"category-noticias","8":"entry","9":"gs-1","10":"gs-odd","11":"gs-even","12":"gs-featured-content-entry"},"_links":{"self":[{"href":"https:\/\/www.unioviedo.es\/socialimen\/wp-json\/wp\/v2\/posts\/4023","targetHints":{"allow":["GET"]}}],"collection":[{"href":"https:\/\/www.unioviedo.es\/socialimen\/wp-json\/wp\/v2\/posts"}],"about":[{"href":"https:\/\/www.unioviedo.es\/socialimen\/wp-json\/wp\/v2\/types\/post"}],"author":[{"embeddable":true,"href":"https:\/\/www.unioviedo.es\/socialimen\/wp-json\/wp\/v2\/users\/5"}],"replies":[{"embeddable":true,"href":"https:\/\/www.unioviedo.es\/socialimen\/wp-json\/wp\/v2\/comments?post=4023"}],"version-history":[{"count":1,"href":"https:\/\/www.unioviedo.es\/socialimen\/wp-json\/wp\/v2\/posts\/4023\/revisions"}],"predecessor-version":[{"id":4026,"href":"https:\/\/www.unioviedo.es\/socialimen\/wp-json\/wp\/v2\/posts\/4023\/revisions\/4026"}],"wp:featuredmedia":[{"embeddable":true,"href":"https:\/\/www.unioviedo.es\/socialimen\/wp-json\/wp\/v2\/media\/4024"}],"wp:attachment":[{"href":"https:\/\/www.unioviedo.es\/socialimen\/wp-json\/wp\/v2\/media?parent=4023"}],"wp:term":[{"taxonomy":"category","embeddable":true,"href":"https:\/\/www.unioviedo.es\/socialimen\/wp-json\/wp\/v2\/categories?post=4023"},{"taxonomy":"post_tag","embeddable":true,"href":"https:\/\/www.unioviedo.es\/socialimen\/wp-json\/wp\/v2\/tags?post=4023"}],"curies":[{"name":"wp","href":"https:\/\/api.w.org\/{rel}","templated":true}]}}