{"id":4086,"date":"2024-07-10T13:28:13","date_gmt":"2024-07-10T11:28:13","guid":{"rendered":"https:\/\/www.unioviedo.es\/socialimen\/?p=4086"},"modified":"2024-07-10T13:28:13","modified_gmt":"2024-07-10T11:28:13","slug":"camila-hernandez-martinez-ha-defendido-su-tesis-doctoral","status":"publish","type":"post","link":"https:\/\/www.unioviedo.es\/socialimen\/camila-hernandez-martinez-ha-defendido-su-tesis-doctoral\/","title":{"rendered":"Camila Hern\u00e1ndez Mart\u00ednez ha defendido su tesis doctoral"},"content":{"rendered":"<p style=\"text-align: justify;\"><img loading=\"lazy\" decoding=\"async\" class=\"size-medium wp-image-4087 alignleft\" src=\"https:\/\/www.unioviedo.es\/socialimen\/wp-content\/uploads\/2024\/07\/Foto-Camila-HM-300x235.jpg\" alt=\"\" width=\"300\" height=\"235\" srcset=\"https:\/\/www.unioviedo.es\/socialimen\/wp-content\/uploads\/2024\/07\/Foto-Camila-HM-300x235.jpg 300w, https:\/\/www.unioviedo.es\/socialimen\/wp-content\/uploads\/2024\/07\/Foto-Camila-HM-1024x803.jpg 1024w, https:\/\/www.unioviedo.es\/socialimen\/wp-content\/uploads\/2024\/07\/Foto-Camila-HM-768x603.jpg 768w, https:\/\/www.unioviedo.es\/socialimen\/wp-content\/uploads\/2024\/07\/Foto-Camila-HM-1536x1205.jpg 1536w, https:\/\/www.unioviedo.es\/socialimen\/wp-content\/uploads\/2024\/07\/Foto-Camila-HM-2048x1607.jpg 2048w\" sizes=\"auto, (max-width: 300px) 100vw, 300px\" \/>Camila Hern\u00e1ndez Mart\u00ednez ha defendido su tesis doctoral titulada \u00abTransformaci\u00f3n, resistencia y violencia en los cuerpos: experiencias de mujeres migrantes de Colombia en Asturias, Espa\u00f1a\u00bb. Este trabajo ha sido dirigido por las doctoras Roc\u00edo P\u00e9rez Ga\u00f1\u00e1n del departamento de Sociolog\u00eda, e Isabel Carrera Su\u00e1rez, del departamento de Filolog\u00eda Anglogerm\u00e1nica y Francesa de la universidad de Oviedo<\/p>\n<p style=\"text-align: justify;\">La tesis de Hern\u00e1ndez explor\u00f3 las transformaciones corporales y culturales que experimentan las mujeres colombianas migrantes en Asturias. A trav\u00e9s de historia de vida, el estudio busc\u00f3 visibilizar y comprender la interacci\u00f3n entre g\u00e9nero, violencia, migraci\u00f3n y cambios corporales. Los resultados, analizados mediante la Teor\u00eda Fundamentada en los Datos, evidencian diversas formas de violencia (f\u00edsica, emocional, simb\u00f3lica y estructural) en las vidas de estas mujeres, tanto en Colombia como en Espa\u00f1a, a lo largo de su trayectoria migratoria. La investigaci\u00f3n tambi\u00e9n abord\u00f3 c\u00f3mo los cuerpos de las mujeres se convierten en lugares de opresi\u00f3n y resistencia, interpelando la construcci\u00f3n cultural de la feminidad y el deseo social atravesados por la colonialidad y el patriarcado.<\/p>\n","protected":false},"excerpt":{"rendered":"<p>Camila Hern\u00e1ndez Mart\u00ednez ha defendido su tesis doctoral titulada \u00abTransformaci\u00f3n, resistencia y violencia en los cuerpos: experiencias de mujeres migrantes de Colombia en Asturias, Espa\u00f1a\u00bb. Este trabajo ha sido dirigido por las doctoras Roc\u00edo P\u00e9rez Ga\u00f1\u00e1n del departamento de Sociolog\u00eda, e Isabel Carrera Su\u00e1rez, del departamento de Filolog\u00eda Anglogerm\u00e1nica y Francesa de la universidad de [&hellip;]<\/p>\n","protected":false},"author":5,"featured_media":4087,"comment_status":"open","ping_status":"open","sticky":false,"template":"","format":"standard","meta":{"_genesis_hide_title":false,"_genesis_hide_breadcrumbs":false,"_genesis_hide_singular_image":false,"_genesis_hide_footer_widgets":false,"_genesis_custom_body_class":"","_genesis_custom_post_class":"","_genesis_layout":"","footnotes":""},"categories":[37],"tags":[],"class_list":{"0":"post-4086","1":"post","2":"type-post","3":"status-publish","4":"format-standard","5":"has-post-thumbnail","7":"category-noticias","8":"entry","9":"gs-1","10":"gs-odd","11":"gs-even","12":"gs-featured-content-entry"},"_links":{"self":[{"href":"https:\/\/www.unioviedo.es\/socialimen\/wp-json\/wp\/v2\/posts\/4086","targetHints":{"allow":["GET"]}}],"collection":[{"href":"https:\/\/www.unioviedo.es\/socialimen\/wp-json\/wp\/v2\/posts"}],"about":[{"href":"https:\/\/www.unioviedo.es\/socialimen\/wp-json\/wp\/v2\/types\/post"}],"author":[{"embeddable":true,"href":"https:\/\/www.unioviedo.es\/socialimen\/wp-json\/wp\/v2\/users\/5"}],"replies":[{"embeddable":true,"href":"https:\/\/www.unioviedo.es\/socialimen\/wp-json\/wp\/v2\/comments?post=4086"}],"version-history":[{"count":2,"href":"https:\/\/www.unioviedo.es\/socialimen\/wp-json\/wp\/v2\/posts\/4086\/revisions"}],"predecessor-version":[{"id":4093,"href":"https:\/\/www.unioviedo.es\/socialimen\/wp-json\/wp\/v2\/posts\/4086\/revisions\/4093"}],"wp:featuredmedia":[{"embeddable":true,"href":"https:\/\/www.unioviedo.es\/socialimen\/wp-json\/wp\/v2\/media\/4087"}],"wp:attachment":[{"href":"https:\/\/www.unioviedo.es\/socialimen\/wp-json\/wp\/v2\/media?parent=4086"}],"wp:term":[{"taxonomy":"category","embeddable":true,"href":"https:\/\/www.unioviedo.es\/socialimen\/wp-json\/wp\/v2\/categories?post=4086"},{"taxonomy":"post_tag","embeddable":true,"href":"https:\/\/www.unioviedo.es\/socialimen\/wp-json\/wp\/v2\/tags?post=4086"}],"curies":[{"name":"wp","href":"https:\/\/api.w.org\/{rel}","templated":true}]}}