{"id":4138,"date":"2025-10-29T12:06:25","date_gmt":"2025-10-29T11:06:25","guid":{"rendered":"https:\/\/www.unioviedo.es\/socialimen\/?p=4138"},"modified":"2025-10-29T13:32:41","modified_gmt":"2025-10-29T12:32:41","slug":"nuestra-companera-sandra-sanchez-presenta-el-proyecto-consorcio-comensal-en-el-instituto-de-ciencias-sociales-de-lisboa","status":"publish","type":"post","link":"https:\/\/www.unioviedo.es\/socialimen\/nuestra-companera-sandra-sanchez-presenta-el-proyecto-consorcio-comensal-en-el-instituto-de-ciencias-sociales-de-lisboa\/","title":{"rendered":"Nuestra compa\u00f1era Sandra S\u00e1nchez presenta el proyecto \u201cConsorcio COMENSAL\u201d en el Instituto de Ciencias Sociales de Lisboa"},"content":{"rendered":"<p style=\"text-align: justify;\"><img loading=\"lazy\" decoding=\"async\" class=\"size-medium wp-image-4087 alignleft\" src=\"https:\/\/www.unioviedo.es\/socialimen\/wp-content\/uploads\/2025\/10\/Captura.png\" alt=\"\" width=\"190\" height=\"231\" \/>Nuestra compa\u00f1era y profesora Sandra S\u00e1nchez S\u00e1nchez, que actualmente se encuentra realizando una estancia de investigaci\u00f3n en el Instituto de Ciencias Sociales de la Universidad de Lisboa (ICS-ULisboa), presentar\u00e1 uno de los \u00faltimos proyectos del grupo, el Consorcio COMENSAL, en el marco del seminario de investigaci\u00f3n organizado por dicho instituto.<\/p>\n<p style=\"text-align: justify;\">La sesi\u00f3n tendr\u00e1 lugar el lunes 4 de noviembre a las 10:30 h (11:30 h en Espa\u00f1a) y podr\u00e1 seguirse de forma online a trav\u00e9s del siguiente<strong><em> <a href=\"https:\/\/teams.microsoft.com\/dl\/launcher\/launcher.html?url=%2F_%23%2Fl%2Fmeetup-join%2F19%3Ameeting_ZTQ3YjJlZDAtZmJiNC00Yjc4LTgyNWYtZDc0MDFmNjM3MWVm%40thread.v2%2F0%3Fcontext%3D%257b%2522Tid%2522%253a%25220bfa8500-b1f2-4566-baf1-6f59370893e7%2522%252c%2522Oid%2522%253a%25224966a47e-f5c3-424d-b295-ebd5a89332e2%2522%257d%26anon%3Dtrue&amp;type=meetup-join&amp;deeplinkId=20b26e1a-dde1-4f91-80b7-b35644308c92&amp;directDl=true&amp;msLaunch=true&amp;enableMobilePage=true&amp;suppressPrompt=true\">enlace<\/a>.<\/em><\/strong><\/p>\n<p style=\"text-align: justify;\">El Consorcio COMENSAL es una iniciativa orientada a fomentar el di\u00e1logo entre los distintos actores del sistema agroalimentario, promoviendo la cooperaci\u00f3n entre investigadores, instituciones, productores, industria, distribuidores, gesti\u00f3n de residuos y ciudadan\u00eda en torno a la sostenibilidad.<\/p>\n<p style=\"text-align: justify;\">Desde el grupo queremos felicitar a Sandra por esta presentaci\u00f3n y por su labor de representaci\u00f3n en el \u00e1mbito internacional de la investigaci\u00f3n social sobre alimentaci\u00f3n.<\/p>\n","protected":false},"excerpt":{"rendered":"<p>Nuestra compa\u00f1era y profesora Sandra S\u00e1nchez S\u00e1nchez, que actualmente se encuentra realizando una estancia de investigaci\u00f3n en el Instituto de Ciencias Sociales de la Universidad de Lisboa (ICS-ULisboa), presentar\u00e1 uno de los \u00faltimos proyectos del grupo, el Consorcio COMENSAL, en el marco del seminario de investigaci\u00f3n organizado por dicho instituto. La sesi\u00f3n tendr\u00e1 lugar el [&hellip;]<\/p>\n","protected":false},"author":6,"featured_media":4149,"comment_status":"open","ping_status":"open","sticky":false,"template":"","format":"standard","meta":{"_genesis_hide_title":false,"_genesis_hide_breadcrumbs":false,"_genesis_hide_singular_image":false,"_genesis_hide_footer_widgets":false,"_genesis_custom_body_class":"","_genesis_custom_post_class":"","_genesis_layout":"","footnotes":""},"categories":[37],"tags":[],"class_list":{"0":"post-4138","1":"post","2":"type-post","3":"status-publish","4":"format-standard","5":"has-post-thumbnail","7":"category-noticias","8":"entry","9":"gs-1","10":"gs-odd","11":"gs-even","12":"gs-featured-content-entry"},"_links":{"self":[{"href":"https:\/\/www.unioviedo.es\/socialimen\/wp-json\/wp\/v2\/posts\/4138","targetHints":{"allow":["GET"]}}],"collection":[{"href":"https:\/\/www.unioviedo.es\/socialimen\/wp-json\/wp\/v2\/posts"}],"about":[{"href":"https:\/\/www.unioviedo.es\/socialimen\/wp-json\/wp\/v2\/types\/post"}],"author":[{"embeddable":true,"href":"https:\/\/www.unioviedo.es\/socialimen\/wp-json\/wp\/v2\/users\/6"}],"replies":[{"embeddable":true,"href":"https:\/\/www.unioviedo.es\/socialimen\/wp-json\/wp\/v2\/comments?post=4138"}],"version-history":[{"count":8,"href":"https:\/\/www.unioviedo.es\/socialimen\/wp-json\/wp\/v2\/posts\/4138\/revisions"}],"predecessor-version":[{"id":4156,"href":"https:\/\/www.unioviedo.es\/socialimen\/wp-json\/wp\/v2\/posts\/4138\/revisions\/4156"}],"wp:featuredmedia":[{"embeddable":true,"href":"https:\/\/www.unioviedo.es\/socialimen\/wp-json\/wp\/v2\/media\/4149"}],"wp:attachment":[{"href":"https:\/\/www.unioviedo.es\/socialimen\/wp-json\/wp\/v2\/media?parent=4138"}],"wp:term":[{"taxonomy":"category","embeddable":true,"href":"https:\/\/www.unioviedo.es\/socialimen\/wp-json\/wp\/v2\/categories?post=4138"},{"taxonomy":"post_tag","embeddable":true,"href":"https:\/\/www.unioviedo.es\/socialimen\/wp-json\/wp\/v2\/tags?post=4138"}],"curies":[{"name":"wp","href":"https:\/\/api.w.org\/{rel}","templated":true}]}}