{"id":3461,"date":"2022-05-24T10:18:02","date_gmt":"2022-05-24T08:18:02","guid":{"rendered":"https:\/\/www.unioviedo.es\/talentuo\/mapaemprendimiento\/?p=3461"},"modified":"2022-06-02T12:09:05","modified_gmt":"2022-06-02T10:09:05","slug":"creacion-y-direccion-de-pymes-optativa-del-grado-en-administracion-y-direccion-de-empresas","status":"publish","type":"post","link":"https:\/\/www.unioviedo.es\/talentuo\/mapaemprendimiento\/creacion-y-direccion-de-pymes-optativa-del-grado-en-administracion-y-direccion-de-empresas\/","title":{"rendered":"Creaci\u00f3n y Direcci\u00f3n de Pymes"},"content":{"rendered":"<div class=\"fusion-fullwidth fullwidth-box fusion-builder-row-1 fusion-flex-container nonhundred-percent-fullwidth non-hundred-percent-height-scrolling\" style=\"background-color: rgba(255,255,255,0);background-position: center center;background-repeat: no-repeat;border-width: 0px 0px 0px 0px;border-color:#e2e2e2;border-style:solid;\" ><div class=\"fusion-builder-row fusion-row fusion-flex-align-items-flex-start\" style=\"max-width:1248px;margin-left: calc(-4% \/ 2 );margin-right: calc(-4% \/ 2 );\"><div class=\"fusion-layout-column fusion_builder_column fusion-builder-column-0 fusion_builder_column_2_3 2_3 fusion-flex-column\"><div class=\"fusion-column-wrapper fusion-flex-justify-content-flex-start fusion-content-layout-column\" style=\"background-position:left top;background-repeat:no-repeat;-webkit-background-size:cover;-moz-background-size:cover;-o-background-size:cover;background-size:cover;padding: 0px 0px 0px 0px;\"><div class=\"fusion-text fusion-text-1\"><p>La asignatura Creaci\u00f3n y Direcci\u00f3n de Pymes es una asignatura optativa del Grado en Administraci\u00f3n y Direcci\u00f3n de Empresas compartida con el Grado en Relaciones Laborales y Recursos Humanos.<\/p>\n<p>Esta asignatura pretende dotar de las herramientas necesarias para crear una empresa y elaborar un plan de negocios a aquellos alumnos con iniciativa empresarial. Pretende, pues,\u00a0 que los alumnos vean las peculiaridades de las peque\u00f1as empresas, aprendan a ver las oportunidades de negocio, c\u00f3mo se pone en marcha una empresa y c\u00f3mo se formula y desarrolla un plan de negocio.<\/p>\n<\/div><div class=\"fusion-text fusion-text-2\"><h3>Competencias a adquirir<\/h3>\n<ul type=\"disc\">\n<li>Comprender el entorno econ\u00f3mico-institucional y su impacto en las decisiones empresariales.<\/li>\n<li>Dise\u00f1ar y desarrollar proyectos empresariales.<\/li>\n<li>Transmitir informaci\u00f3n, ideas, problemas y soluciones del \u00e1mbito de la gesti\u00f3n empresarial a un p\u00fablico tanto especializado como no especializado.<\/li>\n<\/ul>\n<\/div><div class=\"fusion-text fusion-text-3\"><h3>Profesorado que imparte docencia en la asignatura<\/h3>\n<ul type=\"disc\">\n<li>Guillermo Olavi P\u00e9rez-Bustamante Ilander<\/li>\n<\/ul>\n<\/div><\/div><style type=\"text\/css\">.fusion-body .fusion-builder-column-0{width:66.666666666667% !important;margin-top : 0px;margin-bottom : 20px;}.fusion-builder-column-0 > .fusion-column-wrapper {padding-top : 0px !important;padding-right : 0px !important;margin-right : 2.88%;padding-bottom : 0px !important;padding-left : 0px !important;margin-left : 2.88%;}@media only screen and (max-width:1024px) {.fusion-body .fusion-builder-column-0{width:66.666666666667% !important;order : 0;}.fusion-builder-column-0 > .fusion-column-wrapper {margin-right : 2.88%;margin-left : 2.88%;}}@media only screen and (max-width:640px) {.fusion-body .fusion-builder-column-0{width:100% !important;order : 0;}.fusion-builder-column-0 > .fusion-column-wrapper {margin-right : 1.92%;margin-left : 1.92%;}}<\/style><\/div><div class=\"fusion-layout-column fusion_builder_column fusion-builder-column-1 fusion_builder_column_1_3 1_3 fusion-flex-column\"><div class=\"fusion-column-wrapper fusion-flex-justify-content-flex-start fusion-content-layout-column\" style=\"background-position:left top;background-repeat:no-repeat;-webkit-background-size:cover;-moz-background-size:cover;-o-background-size:cover;background-size:cover;padding: 0px 0px 0px 0px;\"><div class=\"fusion-social-links fusion-social-links-1\"><div class=\"fusion-social-networks boxed-icons\"><div class=\"fusion-social-networks-wrapper\"><a class=\"fusion-social-network-icon fusion-tooltip fusion-facebook awb-icon-facebook\" style=\"color:#9ea0a4;font-size:16px;width: calc(16px + (2 * (8px)) + 2px);background-color:#f2f3f5;border-color:#f2f3f5;border-radius:50%;\" data-placement=\"top\" data-title=\"Facebook\" data-toggle=\"tooltip\" title=\"Facebook\" aria-label=\"facebook\" target=\"_blank\" rel=\"noopener noreferrer\" href=\"https:\/\/www.facebook.com\/\"><\/a><a class=\"fusion-social-network-icon fusion-tooltip fusion-twitter awb-icon-twitter\" style=\"color:#9ea0a4;font-size:16px;width: calc(16px + (2 * (8px)) + 2px);background-color:#f2f3f5;border-color:#f2f3f5;border-radius:50%;\" data-placement=\"top\" data-title=\"Twitter\" data-toggle=\"tooltip\" title=\"Twitter\" aria-label=\"twitter\" target=\"_blank\" rel=\"noopener noreferrer\" href=\"https:\/\/twitter.com\/\"><\/a><\/div><\/div><\/div><style type=\"text\/css\">.fusion-social-links-1{text-align:right;}@media only screen and (max-width:1024px){.fusion-social-links-1{text-align:;} }@media only screen and (max-width:640px){.fusion-social-links-1{text-align:;} }<\/style><div ><span class=\" fusion-imageframe imageframe-dropshadow imageframe-1 hover-type-none\" style=\"-webkit-box-shadow: 3px 3px 7px rgba(0,0,0,0.3);box-shadow: 3px 3px 7px rgba(0,0,0,0.3);margin-bottom:20px;\"><a class=\"fusion-no-lightbox\" href=\"https:\/\/www.ajeasturias.com\/que-es-aje\/la-asociacion\/\" target=\"_blank\" aria-label=\"fac_economia\" rel=\"noopener noreferrer\"><img decoding=\"async\" width=\"600\" height=\"309\" alt=\"aje\" src=\"https:\/\/www.unioviedo.es\/talentuo\/mapaemprendimiento\/wp-content\/uploads\/2021\/10\/fac_economia.jpg\" class=\"img-responsive wp-image-2729\" srcset=\"https:\/\/www.unioviedo.es\/talentuo\/mapaemprendimiento\/wp-content\/uploads\/2021\/10\/fac_economia-200x103.jpg 200w, https:\/\/www.unioviedo.es\/talentuo\/mapaemprendimiento\/wp-content\/uploads\/2021\/10\/fac_economia-400x206.jpg 400w, https:\/\/www.unioviedo.es\/talentuo\/mapaemprendimiento\/wp-content\/uploads\/2021\/10\/fac_economia.jpg 600w\" sizes=\"(max-width: 640px) 100vw, 400px\" \/><\/a><\/span><\/div>\n<div class=\"table-1\">\n<table width=\"100%\">\n<thead><\/thead>\n<tbody>\n<tr>\n<td align=\"left\" width=\"5%\"><a class=\"fb-icon-element-1 fb-icon-element fontawesome-icon fa-desktop fas circle-yes fusion-text-flow fusion-link\" style=\"font-size:17.6px;line-height:33.2px;height:35.2px;width:35.2px;border-width:1px;margin-right:5px;\" href=\"https:\/\/econo.uniovi.es\" aria-label=\"Link to https:\/\/econo.uniovi.es\" target=\"_blank\" rel=\"noopener noreferrer\"><\/a><style>a.fb-icon-element.fontawesome-icon.fb-icon-element-1{ color: #ffffff; background-color: #008870; border-color: #ffffff;}a.fb-icon-element.fontawesome-icon.fb-icon-element-1:hover { color: #ffffff; background-color: #008870; border-color: #65bc7b;}<\/style><\/td>\n<td align=\"left\" width=\"95%\"><a href=\"https:\/\/www.google.com\/maps\/place\/Facultad+de+Econom%C3%ADa+y+Empresa\/@43.3533125,-5.8721326,20.41z\/data=!3m1!5s0xd368d16085e377f:0xe8453d331bc603e0!4m5!3m4!1s0xd368d24e6db3dfd:0xadedb4ea839bae1f!8m2!3d43.3534895!4d-5.8719939\">Facultad de Econom\u00eda y Empresa, Avda. del Cristo, s\/n, 33006 Oviedo, Asturias<\/a><\/td>\n<\/tr>\n<tr>\n<td align=\"left\"><i class=\"fb-icon-element-2 fb-icon-element fontawesome-icon fa-phone fas circle-yes fusion-text-flow\" style=\"font-size:17.6px;line-height:33.2px;height:35.2px;width:35.2px;border-width:1px;margin-right:5px;\"><\/i><style>i.fb-icon-element.fontawesome-icon.fb-icon-element-2{ color: #ffffff; background-color: #008780; border-color: #ffffff;}i.fb-icon-element.fontawesome-icon.fb-icon-element-2:hover { color: #ffffff; background-color: #008780; border-color: #65bc7b;}<\/style><\/td>\n<td align=\"left\"><a href=\"tel:\/\/+34 985 10 39 08\">+34 985 10 39 08<\/a><\/td>\n<\/tr>\n<tr>\n<td align=\"left\"><i class=\"fb-icon-element-3 fb-icon-element fontawesome-icon fa-envelope fas circle-yes fusion-text-flow\" style=\"font-size:17.6px;line-height:33.2px;height:35.2px;width:35.2px;border-width:1px;margin-right:5px;\"><\/i><style>i.fb-icon-element.fontawesome-icon.fb-icon-element-3{ color: #ffffff; background-color: #008780; border-color: #ffffff;}i.fb-icon-element.fontawesome-icon.fb-icon-element-3:hover { color: #ffffff; background-color: #008780; border-color: #65bc7b;}<\/style><\/td>\n<td align=\"left\"><a href=\"mailto:\/\/fac.econo@uniovi.es\">fac.econo@uniovi.es<\/a><\/td>\n<\/tr>\n<tr>\n<td align=\"left\"><i class=\"fb-icon-element-4 fb-icon-element fontawesome-icon fa-link fas circle-yes fusion-text-flow\" style=\"font-size:17.6px;line-height:33.2px;height:35.2px;width:35.2px;border-width:1px;margin-right:5px;\"><\/i><style>i.fb-icon-element.fontawesome-icon.fb-icon-element-4{ color: #ffffff; background-color: #008780; border-color: #ffffff;}i.fb-icon-element.fontawesome-icon.fb-icon-element-4:hover { color: #ffffff; background-color: #008780; border-color: #65bc7b;}<\/style><\/td>\n<td align=\"left\">https:\/\/econo.uniovi.es\/<\/td>\n<\/tr>\n<\/tbody>\n<\/table>\n<\/div>\n<\/div><style type=\"text\/css\">.fusion-body .fusion-builder-column-1{width:33.333333333333% !important;margin-top : 0px;margin-bottom : 20px;}.fusion-builder-column-1 > .fusion-column-wrapper {padding-top : 0px !important;padding-right : 0px !important;margin-right : 5.76%;padding-bottom : 0px !important;padding-left : 0px !important;margin-left : 5.76%;}@media only screen and (max-width:1024px) {.fusion-body .fusion-builder-column-1{width:33.333333333333% !important;order : 0;}.fusion-builder-column-1 > .fusion-column-wrapper {margin-right : 5.76%;margin-left : 5.76%;}}@media only screen and (max-width:640px) {.fusion-body .fusion-builder-column-1{width:100% !important;order : 0;}.fusion-builder-column-1 > .fusion-column-wrapper {margin-right : 1.92%;margin-left : 1.92%;}}<\/style><\/div><\/div><style type=\"text\/css\">.fusion-body .fusion-flex-container.fusion-builder-row-1{ padding-top : 0px;margin-top : 0px;padding-right : 0px;padding-bottom : 0px;margin-bottom : 0px;padding-left : 0px;}<\/style><\/div>\n","protected":false},"excerpt":{"rendered":"<p>Optativa del Grado en Administraci\u00f3n y Direcci\u00f3n de Empresas  y del Grado en Relaciones Laborales y Recursos Humanos.<\/p>\n","protected":false},"author":1,"featured_media":2729,"comment_status":"closed","ping_status":"open","sticky":false,"template":"","format":"standard","meta":{"_jetpack_memberships_contains_paid_content":false,"footnotes":""},"categories":[36],"tags":[],"class_list":["post-3461","post","type-post","status-publish","format-standard","has-post-thumbnail","hentry","category-asignaturas-fac-economia-y-empresa"],"jetpack_featured_media_url":"https:\/\/www.unioviedo.es\/talentuo\/mapaemprendimiento\/wp-content\/uploads\/2021\/10\/fac_economia.jpg","jetpack_sharing_enabled":true,"_links":{"self":[{"href":"https:\/\/www.unioviedo.es\/talentuo\/mapaemprendimiento\/wp-json\/wp\/v2\/posts\/3461","targetHints":{"allow":["GET"]}}],"collection":[{"href":"https:\/\/www.unioviedo.es\/talentuo\/mapaemprendimiento\/wp-json\/wp\/v2\/posts"}],"about":[{"href":"https:\/\/www.unioviedo.es\/talentuo\/mapaemprendimiento\/wp-json\/wp\/v2\/types\/post"}],"author":[{"embeddable":true,"href":"https:\/\/www.unioviedo.es\/talentuo\/mapaemprendimiento\/wp-json\/wp\/v2\/users\/1"}],"replies":[{"embeddable":true,"href":"https:\/\/www.unioviedo.es\/talentuo\/mapaemprendimiento\/wp-json\/wp\/v2\/comments?post=3461"}],"version-history":[{"count":6,"href":"https:\/\/www.unioviedo.es\/talentuo\/mapaemprendimiento\/wp-json\/wp\/v2\/posts\/3461\/revisions"}],"predecessor-version":[{"id":3508,"href":"https:\/\/www.unioviedo.es\/talentuo\/mapaemprendimiento\/wp-json\/wp\/v2\/posts\/3461\/revisions\/3508"}],"wp:featuredmedia":[{"embeddable":true,"href":"https:\/\/www.unioviedo.es\/talentuo\/mapaemprendimiento\/wp-json\/wp\/v2\/media\/2729"}],"wp:attachment":[{"href":"https:\/\/www.unioviedo.es\/talentuo\/mapaemprendimiento\/wp-json\/wp\/v2\/media?parent=3461"}],"wp:term":[{"taxonomy":"category","embeddable":true,"href":"https:\/\/www.unioviedo.es\/talentuo\/mapaemprendimiento\/wp-json\/wp\/v2\/categories?post=3461"},{"taxonomy":"post_tag","embeddable":true,"href":"https:\/\/www.unioviedo.es\/talentuo\/mapaemprendimiento\/wp-json\/wp\/v2\/tags?post=3461"}],"curies":[{"name":"wp","href":"https:\/\/api.w.org\/{rel}","templated":true}]}}