{"id":3177,"date":"2024-06-05T13:51:02","date_gmt":"2024-06-05T13:51:02","guid":{"rendered":"https:\/\/www.unioviedo.es\/talentuo\/?p=3177"},"modified":"2024-12-18T13:56:13","modified_gmt":"2024-12-18T12:56:13","slug":"autoempleo-como-estrategia-personal-con-cocemfe","status":"publish","type":"post","link":"https:\/\/www.unioviedo.es\/talentuo\/autoempleo-como-estrategia-personal-con-cocemfe\/","title":{"rendered":"Autoempleo como estrategia personal&#8230; con COCEMFE"},"content":{"rendered":"<p>El pr\u00f3ximo <strong>mi\u00e9rcoles 19 de junio<\/strong> tendr\u00e1 lugar en el Hotel de Asociaciones de COCEMFE Asturias, en Oviedo, la acci\u00f3n formativa \u201cEl Autoempleo como estrategia personal de emprendimiento y trabajo por cuenta propia\u201d.<\/p>\n<p>Esta acci\u00f3n est\u00e1 promovida por <strong>COCEMFE<\/strong>, la <a href=\"https:\/\/www.cocemfeasturias.es\/que-hacemos\/formacion-empleo\/proyectos\/\"><strong>Confederaci\u00f3n Espa\u00f1ola de Personas con Discapacidad F\u00edsica y Org\u00e1nica<\/strong>,<\/a> entidad cuya misi\u00f3n es lograr la plena inclusi\u00f3n y la participaci\u00f3n activa de las personas con discapacidad en todos los \u00e1mbitos de la sociedad, trabajando, entre otros, en diversas l\u00edneas de actividad relacionadas con el empleo y el autoempleo.<\/p>\n<p>En esta ocasi\u00f3n, este curso abordar\u00e1 los aspectos esenciales a tener en cuenta en cualquier iniciativa emprendedora, el plan de negocio y apoyos desde <a href=\"https:\/\/www.unioviedo.es\/talentuo\/otras-instituciones\/\">COCEMFE<\/a> a la persona emprendedora, como es la l\u00ednea de <a href=\"https:\/\/www.cocemfeasturias.es\/que-hacemos\/formacion-empleo\/proyectos\/\"><strong>Autoempleo Incorpora<\/strong><\/a>.<\/p>\n<p>Dado que se trata de un curso con plazas limitadas, las personas interesadas en inscribirse han de enviar una confirmaci\u00f3n previa al correo electr\u00f3nico: <a href=\"mailto:andres@cocemfeasturias.es\">andres@cocemfeasturias.es<\/a><\/p>\n<p>\u00a1Anota!<\/p>\n<ul>\n<li>T\u00edtulo: El Autoempleo como estrategia persona del emprendimiento y trabajo por cuenta propia<\/li>\n<li>Fecha y hora: 19\/06\/2024. 9:50 horas.<\/li>\n<li>Lugar: Hotel de Asociaciones de COCEMFE Asturias. Avda. de Oviedo, 4. 33011 Oviedo. Asturias.<\/li>\n<li>Descargar <a href=\"https:\/\/www.unioviedo.es\/talentuo\/wp-content\/uploads\/2024\/05\/autoempleo_Cocemfe.png\">cartel informativo<\/a><\/li>\n<\/ul>\n<p>&nbsp;<\/p>\n<hr \/>\n<p>El servicio de <a href=\"https:\/\/www.unioviedo.es\/talentuo\/\">Herramientas para el Empleo TalentUO<\/a> es un servicio impulsado por la <a href=\"https:\/\/www.uniovi.es\/en\/\">Universidad de Oviedo<\/a>, fruto de la colaboraci\u00f3n entre el <a href=\"https:\/\/www.uniovi.es\/en\/conocenos\/gobierno\/vicerrectorados\/transferencia\">Vicerrectorado de Transferencia y Relaciones con la Empresa<\/a>, a trav\u00e9s de la <a href=\"https:\/\/www.funiovi.org\/\">Fundaci\u00f3n Universidad Oviedo<\/a>, y el S<a href=\"https:\/\/trabajastur.asturias.es\/\">ervicio P\u00fablico de Empleo de Asturias<\/a>. Ofrece un puente a empresas y talento, y acompa\u00f1amiento individual a estudiantado y egresados\/as de la Universidad de Oviedo, que est\u00e1n interesados en acceder al mercado laboral. Para optar a estos apoyos basta con acceder al formulario ubicado en el fald\u00f3n de la web <a href=\"https:\/\/www.unioviedo.es\/talentuo\/\">empleotalentuo.com <\/a><a href=\"https:\/\/www.unioviedo.es\/talentuo\/noticias\/\"><img loading=\"lazy\" decoding=\"async\" class=\"size-medium wp-image-3145 alignright\" src=\"https:\/\/www.unioviedo.es\/talentuo\/wp-content\/uploads\/2024\/04\/mas-noticias-300x169.png\" alt=\"\" width=\"300\" height=\"169\" srcset=\"https:\/\/www.unioviedo.es\/talentuo\/wp-content\/uploads\/2024\/04\/mas-noticias-300x169.png 300w, https:\/\/www.unioviedo.es\/talentuo\/wp-content\/uploads\/2024\/04\/mas-noticias.png 576w\" sizes=\"auto, (max-width: 300px) 100vw, 300px\" \/><\/a><\/p>\n<p><em>Sigue esta y otras novedades en <a href=\"https:\/\/empleotalentuo.com\/\">Herramientas para el Empleo TalentUO<\/a> y todas las actualizaciones de Empleo y Emprendimiento en <img loading=\"lazy\" decoding=\"async\" class=\"alignnone wp-image-2814\" src=\"https:\/\/www.unioviedo.es\/talentuo\/wp-content\/uploads\/2023\/12\/logo-mini-linkedin-1.png\" alt=\"\" width=\"24\" height=\"25\" \/> <a href=\"https:\/\/www.linkedin.com\/company\/talentuoviedo\/\">TalentUO\u00a0<\/a><\/em><\/p>\n","protected":false},"excerpt":{"rendered":"<p>El pr\u00f3ximo mi\u00e9rcoles 19 de junio tendr\u00e1 lugar en el Hotel de Asociaciones de COCEMFE Asturias, en Oviedo, la acci\u00f3n formativa \u201cEl Autoempleo como estrategia personal de emprendimiento y trabajo por cuenta propia\u201d. Esta acci\u00f3n est\u00e1 promovida por COCEMFE, la Confederaci\u00f3n Espa\u00f1ola de Personas con Discapacidad F\u00edsica y Org\u00e1nica, entidad cuya misi\u00f3n es lograr la [&hellip;]<\/p>\n","protected":false},"author":1,"featured_media":3178,"comment_status":"open","ping_status":"open","sticky":false,"template":"","format":"standard","meta":{"footnotes":""},"categories":[1],"tags":[89,150,90,19],"class_list":["post-3177","post","type-post","status-publish","format-standard","has-post-thumbnail","hentry","category-noticias","tag-autoempleo","tag-cocemfe","tag-discapacidad","tag-emprendimiento"],"_links":{"self":[{"href":"https:\/\/www.unioviedo.es\/talentuo\/wp-json\/wp\/v2\/posts\/3177","targetHints":{"allow":["GET"]}}],"collection":[{"href":"https:\/\/www.unioviedo.es\/talentuo\/wp-json\/wp\/v2\/posts"}],"about":[{"href":"https:\/\/www.unioviedo.es\/talentuo\/wp-json\/wp\/v2\/types\/post"}],"author":[{"embeddable":true,"href":"https:\/\/www.unioviedo.es\/talentuo\/wp-json\/wp\/v2\/users\/1"}],"replies":[{"embeddable":true,"href":"https:\/\/www.unioviedo.es\/talentuo\/wp-json\/wp\/v2\/comments?post=3177"}],"version-history":[{"count":3,"href":"https:\/\/www.unioviedo.es\/talentuo\/wp-json\/wp\/v2\/posts\/3177\/revisions"}],"predecessor-version":[{"id":3224,"href":"https:\/\/www.unioviedo.es\/talentuo\/wp-json\/wp\/v2\/posts\/3177\/revisions\/3224"}],"wp:featuredmedia":[{"embeddable":true,"href":"https:\/\/www.unioviedo.es\/talentuo\/wp-json\/wp\/v2\/media\/3178"}],"wp:attachment":[{"href":"https:\/\/www.unioviedo.es\/talentuo\/wp-json\/wp\/v2\/media?parent=3177"}],"wp:term":[{"taxonomy":"category","embeddable":true,"href":"https:\/\/www.unioviedo.es\/talentuo\/wp-json\/wp\/v2\/categories?post=3177"},{"taxonomy":"post_tag","embeddable":true,"href":"https:\/\/www.unioviedo.es\/talentuo\/wp-json\/wp\/v2\/tags?post=3177"}],"curies":[{"name":"wp","href":"https:\/\/api.w.org\/{rel}","templated":true}]}}