{"id":3348,"date":"2024-08-22T08:01:53","date_gmt":"2024-08-22T08:01:53","guid":{"rendered":"https:\/\/www.unioviedo.es\/talentuo\/?p=3348"},"modified":"2024-12-18T11:23:26","modified_gmt":"2024-12-18T10:23:26","slug":"aun-no-conoces-la-casa-de-las-lenguas","status":"publish","type":"post","link":"https:\/\/www.unioviedo.es\/talentuo\/aun-no-conoces-la-casa-de-las-lenguas\/","title":{"rendered":"\u00bfA\u00fan no conoces La Casa de las Lenguas?"},"content":{"rendered":"<p>La Casa de las Lenguas est\u00e1 destinada al\u00a0<strong>desarrollo de la ense\u00f1anza instrumental no reglada de idiomas en la Universidad<\/strong>\u00a0de Oviedo y ofrece una gran variedad de soluciones para la adquisici\u00f3n de competencias en materia de idiomas.<\/p>\n<p>&nbsp;<\/p>\n<p><strong>\u00bfQu\u00e9 Cursos puedo encontrar en el curso 2024-2025?<\/strong><\/p>\n<p>En este curso acad\u00e9mico que comienza, la Casa de las Lenguas de la Universidad de Oviedo prev\u00e9 ofrecer un total de 48 cursos de 11 lenguas diferentes, que son: <strong>alem\u00e1n, \u00e1rabe, asturiano, catal\u00e1n, franc\u00e9s, ingl\u00e9s, italiano, japon\u00e9s, lengua de signos espa\u00f1ola, ruso y ucraniano.<\/strong> Adem\u00e1s, no es necesario acreditar un nivel previo de idioma para matricularse en un nivel.<\/p>\n<p>&nbsp;<\/p>\n<p><strong>\u00bfA qui\u00e9n se dirigen estos cursos?<\/strong><\/p>\n<p>Los cursos se ofrecen al p\u00fablico en general, siendo requisito el cumplir al menos los 18 a\u00f1os antes del 31 de agosto de 2025, y por tanto, no necesariamente se ha de tener una vinculaci\u00f3n <em>con la Universidad de Oviedo<\/em>.<\/p>\n<p>&nbsp;<\/p>\n<p><strong>\u00bfCu\u00e1les son las sedes en donde se impartir\u00e1n estos cursos?<\/strong><\/p>\n<p>La Casa de las Lenguas informa que se van a desarrollar cursos presenciales en las sedes de Avil\u00e9s (Centro de Servicios Universitarios), de Gij\u00f3n (Facultad de Comercio, Turismo y Ciencias Sociales \u00abJovellanos\u00bb) y tambi\u00e9n en Oviedo (Campus de Humanidades \u00abEl Mil\u00e1n\u00bb).<\/p>\n<p>&nbsp;<\/p>\n<p><strong>\u00a1Me interesa! Quiero informarme de estos cursos. <\/strong><\/p>\n<p>Puedes informarte de todos los cursos por idiomas <a href=\"https:\/\/lacasadelaslenguas.uniovi.es\/cursosidiomas\/idioma\"><strong>en este enlace<\/strong><\/a><\/p>\n<p>Toda la informaci\u00f3n\u00a0 y plazos de matr\u00edcula en <strong><a href=\"https:\/\/lacasadelaslenguas.uniovi.es\/cursosidiomas\">La Casa de Las Lenguas<\/a> <\/strong>de la Universidad de Oviedo<\/p>\n<p>&nbsp;<\/p>\n<hr \/>\n<p>El servicio de <a href=\"https:\/\/www.unioviedo.es\/talentuo\/\">Herramientas para el Empleo TalentUO<\/a> es un servicio impulsado por la <a href=\"https:\/\/www.uniovi.es\/en\/\">Universidad de Oviedo<\/a>, a trav\u00e9s de la <a href=\"https:\/\/www.funiovi.org\/\">Fundaci\u00f3n Universidad Oviedo<\/a>, y el S<a href=\"https:\/\/trabajastur.asturias.es\/\">ervicio P\u00fablico de Empleo de Asturias<\/a>. Ofrece un puente entre empresas y talento, y acompa\u00f1amiento individual a estudiantado y egresados\/as de la Universidad de Oviedo, que est\u00e1n interesados en acceder al mercado laboral. Para optar a estos apoyos basta con acceder al formulario ubicado en el fald\u00f3n de la web <a href=\"https:\/\/www.unioviedo.es\/talentuo\/\">empleotalentuo.com<\/a><\/p>\n<p><a href=\"https:\/\/www.unioviedo.es\/talentuo\/noticias\/\"><img loading=\"lazy\" decoding=\"async\" class=\"wp-image-3874 alignright\" src=\"https:\/\/www.unioviedo.es\/talentuo\/wp-content\/uploads\/2024\/12\/mas-noticias-300x80.jpg\" alt=\"Bot\u00f3n con las palabras &quot;m\u00e1s noticias&quot; que enlaza al apartado de Noticias de esta web\" width=\"244\" height=\"65\" srcset=\"https:\/\/www.unioviedo.es\/talentuo\/wp-content\/uploads\/2024\/12\/mas-noticias-300x80.jpg 300w, https:\/\/www.unioviedo.es\/talentuo\/wp-content\/uploads\/2024\/12\/mas-noticias.jpg 482w\" sizes=\"auto, (max-width: 244px) 100vw, 244px\" \/><\/a><\/p>\n<p>&nbsp;<\/p>\n<p>&nbsp;<\/p>\n","protected":false},"excerpt":{"rendered":"<p>La Casa de las Lenguas est\u00e1 destinada al\u00a0desarrollo de la ense\u00f1anza instrumental no reglada de idiomas en la Universidad\u00a0de Oviedo y ofrece una gran variedad de soluciones para la adquisici\u00f3n de competencias en materia de idiomas. &nbsp; \u00bfQu\u00e9 Cursos puedo encontrar en el curso 2024-2025? En este curso acad\u00e9mico que comienza, la Casa de las [&hellip;]<\/p>\n","protected":false},"author":1,"featured_media":3349,"comment_status":"open","ping_status":"open","sticky":false,"template":"","format":"standard","meta":{"footnotes":""},"categories":[1],"tags":[107,94,63],"class_list":["post-3348","post","type-post","status-publish","format-standard","has-post-thumbnail","hentry","category-noticias","tag-casa-de-las-lenguas","tag-idiomas","tag-universidad"],"_links":{"self":[{"href":"https:\/\/www.unioviedo.es\/talentuo\/wp-json\/wp\/v2\/posts\/3348","targetHints":{"allow":["GET"]}}],"collection":[{"href":"https:\/\/www.unioviedo.es\/talentuo\/wp-json\/wp\/v2\/posts"}],"about":[{"href":"https:\/\/www.unioviedo.es\/talentuo\/wp-json\/wp\/v2\/types\/post"}],"author":[{"embeddable":true,"href":"https:\/\/www.unioviedo.es\/talentuo\/wp-json\/wp\/v2\/users\/1"}],"replies":[{"embeddable":true,"href":"https:\/\/www.unioviedo.es\/talentuo\/wp-json\/wp\/v2\/comments?post=3348"}],"version-history":[{"count":9,"href":"https:\/\/www.unioviedo.es\/talentuo\/wp-json\/wp\/v2\/posts\/3348\/revisions"}],"predecessor-version":[{"id":3892,"href":"https:\/\/www.unioviedo.es\/talentuo\/wp-json\/wp\/v2\/posts\/3348\/revisions\/3892"}],"wp:featuredmedia":[{"embeddable":true,"href":"https:\/\/www.unioviedo.es\/talentuo\/wp-json\/wp\/v2\/media\/3349"}],"wp:attachment":[{"href":"https:\/\/www.unioviedo.es\/talentuo\/wp-json\/wp\/v2\/media?parent=3348"}],"wp:term":[{"taxonomy":"category","embeddable":true,"href":"https:\/\/www.unioviedo.es\/talentuo\/wp-json\/wp\/v2\/categories?post=3348"},{"taxonomy":"post_tag","embeddable":true,"href":"https:\/\/www.unioviedo.es\/talentuo\/wp-json\/wp\/v2\/tags?post=3348"}],"curies":[{"name":"wp","href":"https:\/\/api.w.org\/{rel}","templated":true}]}}