{"id":3845,"date":"2024-12-10T10:45:39","date_gmt":"2024-12-10T09:45:39","guid":{"rendered":"https:\/\/www.unioviedo.es\/talentuo\/?p=3845"},"modified":"2024-12-18T13:44:15","modified_gmt":"2024-12-18T12:44:15","slug":"convocadas-3-becas-formativas-para-desarrollar-en-bruselas-por-la-fuo","status":"publish","type":"post","link":"https:\/\/www.unioviedo.es\/talentuo\/convocadas-3-becas-formativas-para-desarrollar-en-bruselas-por-la-fuo\/","title":{"rendered":"Convocadas 3 becas formativas para desarrollar en Bruselas por la FUO"},"content":{"rendered":"<p>La <a href=\"https:\/\/www.funiovi.org\/\"><strong>Fundaci\u00f3n Universidad de Oviedo<\/strong><\/a>, ha convocado, en colaboraci\u00f3n con la Consejer\u00eda de Hacienda y Fondos Europeos del Principado de Asturias, 3 becas remuneradas &#8211; pr\u00e1cticas extracurriculares- que se desarrollar\u00e1n en Bruselas, m\u00e1s concretamente, en entidades con sede en Bruselas.<\/p>\n<p>El objetivo del programa es acceder a formaci\u00f3n adaptada a su titulaci\u00f3n, en empresas y\/o organismos con sede en Bruselas que ofrezcan una visi\u00f3n experta sobre c\u00f3mo mejorar el posicionamiento de Asturias ante la Uni\u00f3n Europea.<\/p>\n<p><strong>\u00bfQu\u00e9 caracteriza a estas becas?<\/strong><\/p>\n<p>La becas combinan el conocimiento de las concretas actividades de esas\u00a0 empresas y\/o organismos, y su vinculaci\u00f3n con las diferentes instituciones que componen la Uni\u00f3n Europea, con el fortalecimiento de sus competencias transversales en un entorno internacional y europeo. Las pr\u00e1cticas tienen una duraci\u00f3n de 6 meses e inician el 1 de febrero de 2025.<\/p>\n<p><strong>\u00bfA qui\u00e9n se dirigen?<\/strong><\/p>\n<p>A estudiantado y personas reci\u00e9n tituladas por la Universidad de Oviedo: podr\u00e1n postularse quienes hayan finalizado sus estudios en la Universidad de Oviedo en los \u00faltimos 5 a\u00f1os en Derecho, Comercio y Marketing, ADE, Contabilidad, Econom\u00eda o PCEO ADE\/Derecho. Tambi\u00e9n puede presentar su candidatura el estudiantado de M\u00e1ster de la Universidad de Oviedo que previamente haya cursado alguno de los grados indicados.<\/p>\n<p>Otros requisitos son:<\/p>\n<ul>\n<li>Ingl\u00e9s C1 (se valorar\u00e1n otros idiomas de la UE, en especial franc\u00e9s).<\/li>\n<li>Estar en desempleo.<\/li>\n<li>Carecer de experiencia profesional de car\u00e1cter internacional relacionada con el Plan Formativo de estas becas.<\/li>\n<\/ul>\n<p>&nbsp;<\/p>\n<p><strong>\u00bfEst\u00e1n remuneradas?<\/strong><\/p>\n<p>S\u00ed, la remuneraci\u00f3n es de 1.500 euros brutos.<\/p>\n<p><strong>\u00bfC\u00f3mo y hasta cu\u00e1ndo se puede postular?<\/strong><\/p>\n<p>Las solicitudes se dirigir\u00e1n por correo, siguiendo las indicaciones de las <strong><a href=\"https:\/\/www.funiovi.org\/estudiantes\/titulados\/noticias\/-\/asset_publisher\/wBPvnuGZI84p\/content\/programa-formativo-internacional-en-materia-de-ue-y-mejora-del-posicionamiento-de-asturias-en-bruselas;jsessionid=C73D2F80FA8BD15867E075E560B3B291?p_p_auth=VcCaNU8D&amp;redirect=%2F\">bases y anexos publicados.<\/a><\/strong> El plazo abierto hasta el 20 de diciembre.<\/p>\n<p>&nbsp;<\/p>\n<hr \/>\n<blockquote><p>Si est\u00e1s buscando empleo, no olvides registrarte &#8211; si a\u00fan no lo has hecho- en la <a href=\"https:\/\/www.unioviedo.es\/talentuo\/agencia-de-colocacion\/\">Agencia de colocaci\u00f3n<\/a> de la Universidad de Oviedo.<\/p>\n<p>Puedes seguir noticias y novedades en <a href=\"https:\/\/empleotalentuo.com\/\">Herramientas para el Empleo TalentUO<\/a> y otras actualizaciones de Empleo y Emprendimiento\u00a0tambi\u00e9n en <img loading=\"lazy\" decoding=\"async\" class=\"alignnone wp-image-2814 \" src=\"https:\/\/www.unioviedo.es\/talentuo\/wp-content\/uploads\/2023\/12\/logo-mini-linkedin-1.png\" alt=\"\" width=\"29\" height=\"30\" \/><a href=\"https:\/\/www.linkedin.com\/company\/talentuoviedo\/\">TalentUO\u00a0<\/a><\/p><\/blockquote>\n<p><a href=\"https:\/\/www.unioviedo.es\/talentuo\/noticias\/\"><img loading=\"lazy\" decoding=\"async\" class=\"wp-image-3874 alignright\" src=\"https:\/\/www.unioviedo.es\/talentuo\/wp-content\/uploads\/2024\/12\/mas-noticias-300x80.jpg\" alt=\"Bot\u00f3n con las palabras &quot;m\u00e1s noticias&quot; que enlaza al apartado de Noticias de esta web\" width=\"244\" height=\"65\" srcset=\"https:\/\/www.unioviedo.es\/talentuo\/wp-content\/uploads\/2024\/12\/mas-noticias-300x80.jpg 300w, https:\/\/www.unioviedo.es\/talentuo\/wp-content\/uploads\/2024\/12\/mas-noticias.jpg 482w\" sizes=\"auto, (max-width: 244px) 100vw, 244px\" \/><\/a><\/p>\n","protected":false},"excerpt":{"rendered":"<p>La Fundaci\u00f3n Universidad de Oviedo, ha convocado, en colaboraci\u00f3n con la Consejer\u00eda de Hacienda y Fondos Europeos del Principado de Asturias, 3 becas remuneradas &#8211; pr\u00e1cticas extracurriculares- que se desarrollar\u00e1n en Bruselas, m\u00e1s concretamente, en entidades con sede en Bruselas. El objetivo del programa es acceder a formaci\u00f3n adaptada a su titulaci\u00f3n, en empresas y\/o [&hellip;]<\/p>\n","protected":false},"author":1,"featured_media":3848,"comment_status":"open","ping_status":"open","sticky":false,"template":"","format":"standard","meta":{"footnotes":""},"categories":[1],"tags":[113,64,69,30,85],"class_list":["post-3845","post","type-post","status-publish","format-standard","has-post-thumbnail","hentry","category-noticias","tag-beca","tag-fuo","tag-internacionalizacion","tag-practicas","tag-practicas-remuneradas"],"_links":{"self":[{"href":"https:\/\/www.unioviedo.es\/talentuo\/wp-json\/wp\/v2\/posts\/3845","targetHints":{"allow":["GET"]}}],"collection":[{"href":"https:\/\/www.unioviedo.es\/talentuo\/wp-json\/wp\/v2\/posts"}],"about":[{"href":"https:\/\/www.unioviedo.es\/talentuo\/wp-json\/wp\/v2\/types\/post"}],"author":[{"embeddable":true,"href":"https:\/\/www.unioviedo.es\/talentuo\/wp-json\/wp\/v2\/users\/1"}],"replies":[{"embeddable":true,"href":"https:\/\/www.unioviedo.es\/talentuo\/wp-json\/wp\/v2\/comments?post=3845"}],"version-history":[{"count":9,"href":"https:\/\/www.unioviedo.es\/talentuo\/wp-json\/wp\/v2\/posts\/3845\/revisions"}],"predecessor-version":[{"id":3876,"href":"https:\/\/www.unioviedo.es\/talentuo\/wp-json\/wp\/v2\/posts\/3845\/revisions\/3876"}],"wp:featuredmedia":[{"embeddable":true,"href":"https:\/\/www.unioviedo.es\/talentuo\/wp-json\/wp\/v2\/media\/3848"}],"wp:attachment":[{"href":"https:\/\/www.unioviedo.es\/talentuo\/wp-json\/wp\/v2\/media?parent=3845"}],"wp:term":[{"taxonomy":"category","embeddable":true,"href":"https:\/\/www.unioviedo.es\/talentuo\/wp-json\/wp\/v2\/categories?post=3845"},{"taxonomy":"post_tag","embeddable":true,"href":"https:\/\/www.unioviedo.es\/talentuo\/wp-json\/wp\/v2\/tags?post=3845"}],"curies":[{"name":"wp","href":"https:\/\/api.w.org\/{rel}","templated":true}]}}