{"id":1036,"date":"2020-03-24T19:52:00","date_gmt":"2020-03-24T18:52:00","guid":{"rendered":"https:\/\/www.unioviedo.es\/urbanred\/?p=1036"},"modified":"2021-03-24T19:55:45","modified_gmt":"2021-03-24T18:55:45","slug":"el-derecho-ante-el-reto-del-cambio-climatico","status":"publish","type":"post","link":"https:\/\/www.unioviedo.es\/urbanred\/el-derecho-ante-el-reto-del-cambio-climatico\/","title":{"rendered":"El derecho ante el reto del cambio clim\u00e1tico"},"content":{"rendered":"\n<div class=\"wp-block-columns is-layout-flex wp-container-core-columns-is-layout-1 wp-block-columns-is-layout-flex\">\n<div class=\"wp-block-column is-layout-flow wp-block-column-is-layout-flow\" style=\"flex-basis:33.33%\">\n<figure class=\"wp-block-image size-large is-resized\"><img loading=\"lazy\" decoding=\"async\" src=\"https:\/\/www.marcialpons.es\/media\/img\/portadas\/2020\/11\/11\/9788413452364.jpg\" alt=\"\" width=\"149\" height=\"211\"\/><\/figure>\n<\/div>\n\n\n\n<div class=\"wp-block-column is-layout-flow wp-block-column-is-layout-flow\" style=\"flex-basis:66.66%\">\n<p>Francisco Hern\u00e1ndez Gonz\u00e1lez (2020)<\/p>\n\n\n\n<p>Pamplona. Aranzadi<\/p>\n\n\n\n<p>ISBN: 9788413452364<\/p>\n\n\n\n<p><a href=\"https:\/\/www.marcialpons.es\/libros\/el-derecho-ante-el-reto-del-cambio-climatico\/9788413452364\/\" target=\"_blank\" rel=\"noreferrer noopener\">M\u00e1s informaci\u00f3n<\/a><\/p>\n<\/div>\n<\/div>\n\n\n\n<p><\/p>\n","protected":false},"excerpt":{"rendered":"<p>Francisco Hern\u00e1ndez Gonz\u00e1lez (2020) Pamplona. Aranzadi ISBN: 9788413452364 M\u00e1s informaci\u00f3n<\/p>\n","protected":false},"author":1,"featured_media":829,"comment_status":"closed","ping_status":"","sticky":false,"template":"","format":"standard","meta":{"footnotes":""},"categories":[13,16],"tags":[],"class_list":["post-1036","post","type-post","status-publish","format-standard","has-post-thumbnail","hentry","category-observatorio","category-publicaciones"],"_links":{"self":[{"href":"https:\/\/www.unioviedo.es\/urbanred\/wp-json\/wp\/v2\/posts\/1036","targetHints":{"allow":["GET"]}}],"collection":[{"href":"https:\/\/www.unioviedo.es\/urbanred\/wp-json\/wp\/v2\/posts"}],"about":[{"href":"https:\/\/www.unioviedo.es\/urbanred\/wp-json\/wp\/v2\/types\/post"}],"author":[{"embeddable":true,"href":"https:\/\/www.unioviedo.es\/urbanred\/wp-json\/wp\/v2\/users\/1"}],"replies":[{"embeddable":true,"href":"https:\/\/www.unioviedo.es\/urbanred\/wp-json\/wp\/v2\/comments?post=1036"}],"version-history":[{"count":2,"href":"https:\/\/www.unioviedo.es\/urbanred\/wp-json\/wp\/v2\/posts\/1036\/revisions"}],"predecessor-version":[{"id":1038,"href":"https:\/\/www.unioviedo.es\/urbanred\/wp-json\/wp\/v2\/posts\/1036\/revisions\/1038"}],"wp:featuredmedia":[{"embeddable":true,"href":"https:\/\/www.unioviedo.es\/urbanred\/wp-json\/wp\/v2\/media\/829"}],"wp:attachment":[{"href":"https:\/\/www.unioviedo.es\/urbanred\/wp-json\/wp\/v2\/media?parent=1036"}],"wp:term":[{"taxonomy":"category","embeddable":true,"href":"https:\/\/www.unioviedo.es\/urbanred\/wp-json\/wp\/v2\/categories?post=1036"},{"taxonomy":"post_tag","embeddable":true,"href":"https:\/\/www.unioviedo.es\/urbanred\/wp-json\/wp\/v2\/tags?post=1036"}],"curies":[{"name":"wp","href":"https:\/\/api.w.org\/{rel}","templated":true}]}}