{"id":1112,"date":"2021-04-08T21:55:00","date_gmt":"2021-04-08T19:55:00","guid":{"rendered":"https:\/\/www.unioviedo.es\/urbanred\/?p=1112"},"modified":"2021-06-25T14:17:10","modified_gmt":"2021-06-25T12:17:10","slug":"xv-congreso-de-la-asociacion-espanola-de-ciencia-politica-y-de-la-administracion","status":"publish","type":"post","link":"https:\/\/www.unioviedo.es\/urbanred\/xv-congreso-de-la-asociacion-espanola-de-ciencia-politica-y-de-la-administracion\/","title":{"rendered":"XV Congreso de la Asociaci\u00f3n Espa\u00f1ola de Ciencia pol\u00edtica y de la Administraci\u00f3n"},"content":{"rendered":"\n<div class=\"wp-block-media-text alignwide is-stacked-on-mobile\" style=\"grid-template-columns:40% auto\"><figure class=\"wp-block-media-text__media\"><img decoding=\"async\" src=\"https:\/\/aecpa.es\/media\/congress\/15\/S.jpg\" alt=\"\"\/><\/figure><div class=\"wp-block-media-text__content\">\n<p>\u00abLecciones y retos pol\u00edticos de la pandemia\u00bb<\/p>\n\n\n\n<p>Del 7 al 9 de julio de 2021<\/p>\n\n\n\n<p>Congreso Virtual, Online<\/p>\n\n\n\n<p><a rel=\"noreferrer noopener\" href=\"https:\/\/aecpa.es\/es-es\/informacion-e-inscripciones\/pages\/184\/\" target=\"_blank\">Informaci\u00f3n e inscripciones<\/a><\/p>\n\n\n\n<p><a rel=\"noreferrer noopener\" href=\"https:\/\/aecpa.es\/es-es\/grupos-de-trabajo\/cat\/64\/\" target=\"_blank\">Grupos de trabajo<\/a><\/p>\n<\/div><\/div>\n","protected":false},"excerpt":{"rendered":"<p>\u00abLecciones y retos pol\u00edticos de la pandemia\u00bb Del 7 al 9 de julio de 2021 Congreso Virtual, Online Informaci\u00f3n e inscripciones Grupos de trabajo<\/p>\n","protected":false},"author":1,"featured_media":826,"comment_status":"closed","ping_status":"","sticky":false,"template":"","format":"standard","meta":{"footnotes":""},"categories":[31,20,13],"tags":[],"class_list":["post-1112","post","type-post","status-publish","format-standard","has-post-thumbnail","hentry","category-b02eventos","category-eventos","category-observatorio"],"_links":{"self":[{"href":"https:\/\/www.unioviedo.es\/urbanred\/wp-json\/wp\/v2\/posts\/1112","targetHints":{"allow":["GET"]}}],"collection":[{"href":"https:\/\/www.unioviedo.es\/urbanred\/wp-json\/wp\/v2\/posts"}],"about":[{"href":"https:\/\/www.unioviedo.es\/urbanred\/wp-json\/wp\/v2\/types\/post"}],"author":[{"embeddable":true,"href":"https:\/\/www.unioviedo.es\/urbanred\/wp-json\/wp\/v2\/users\/1"}],"replies":[{"embeddable":true,"href":"https:\/\/www.unioviedo.es\/urbanred\/wp-json\/wp\/v2\/comments?post=1112"}],"version-history":[{"count":8,"href":"https:\/\/www.unioviedo.es\/urbanred\/wp-json\/wp\/v2\/posts\/1112\/revisions"}],"predecessor-version":[{"id":1295,"href":"https:\/\/www.unioviedo.es\/urbanred\/wp-json\/wp\/v2\/posts\/1112\/revisions\/1295"}],"wp:featuredmedia":[{"embeddable":true,"href":"https:\/\/www.unioviedo.es\/urbanred\/wp-json\/wp\/v2\/media\/826"}],"wp:attachment":[{"href":"https:\/\/www.unioviedo.es\/urbanred\/wp-json\/wp\/v2\/media?parent=1112"}],"wp:term":[{"taxonomy":"category","embeddable":true,"href":"https:\/\/www.unioviedo.es\/urbanred\/wp-json\/wp\/v2\/categories?post=1112"},{"taxonomy":"post_tag","embeddable":true,"href":"https:\/\/www.unioviedo.es\/urbanred\/wp-json\/wp\/v2\/tags?post=1112"}],"curies":[{"name":"wp","href":"https:\/\/api.w.org\/{rel}","templated":true}]}}