{"id":1150,"date":"2021-05-20T10:56:47","date_gmt":"2021-05-20T08:56:47","guid":{"rendered":"https:\/\/www.unioviedo.es\/urbanred\/?p=1150"},"modified":"2021-06-25T13:59:03","modified_gmt":"2021-06-25T11:59:03","slug":"seminario-fondos-europeos-de-recuperacion","status":"publish","type":"post","link":"https:\/\/www.unioviedo.es\/urbanred\/seminario-fondos-europeos-de-recuperacion\/","title":{"rendered":"Seminario: \u00abFondos Europeos de Recuperaci\u00f3n\u00bb"},"content":{"rendered":"\n<div class=\"wp-block-columns is-layout-flex wp-container-core-columns-is-layout-1 wp-block-columns-is-layout-flex\">\n<div class=\"wp-block-column is-layout-flow wp-block-column-is-layout-flow\" style=\"flex-basis:66.66%\">\n<p>Rese\u00f1a del seminario<em> \u201cFondos Europeos de Recuperaci\u00f3n\u201d<\/em> celebrado el 27 de mayo, en el marco de los seminarios de la Red RE-ADAP y coordinado por el profesor \u00c1ngel Aparicio Mourelo<\/p>\n\n\n\n<p><a href=\"http:\/\/vps181.cesvima.upm.es\/re-hab\/2021\/05\/31\/tercer-seminario-transversal-red-de-investigacion-re-adap-fondos-europeos-de-recuperacion\/\" target=\"_blank\" rel=\"noreferrer noopener\">M\u00e1s informaci\u00f3n<\/a><\/p>\n<\/div>\n\n\n\n<div class=\"wp-block-column is-layout-flow wp-block-column-is-layout-flow\" style=\"flex-basis:33.33%\">\n<figure class=\"wp-block-image size-large\"><a href=\"https:\/\/youtu.be\/uFbqrVT53_s\" target=\"_blank\" rel=\"noopener\"><img decoding=\"async\" src=\"https:\/\/ci3.googleusercontent.com\/proxy\/xHbDwTV2qm6gSy8m-Ok84omDmZwlXdpWiixwKJYdutJiJ2HJBYhipMqGZaLtWjPK7YkBg_WEU0NEK9wJsSkQWkZf5EGosKCm21kYE4hngjfs758ceNMFe03IjC70RekS5flP0nUeWZoWux68dY5qdeJIOUhaWk2k8Q864cs_nToJPRo=s0-d-e1-ft#http:\/\/vps181.cesvima.upm.es\/re-hab\/wp-content\/uploads\/sites\/6\/2021\/05\/2021-05-17-Cartel-SEMTRANSV03-150x150.jpg\" alt=\"\"\/><\/a><\/figure>\n<\/div>\n<\/div>\n\n\n\n<p><\/p>\n","protected":false},"excerpt":{"rendered":"<p>Rese\u00f1a del seminario \u201cFondos Europeos de Recuperaci\u00f3n\u201d celebrado el 27 de mayo, en el marco de los seminarios de la Red RE-ADAP y coordinado por el profesor \u00c1ngel Aparicio Mourelo M\u00e1s informaci\u00f3n<\/p>\n","protected":false},"author":1,"featured_media":826,"comment_status":"closed","ping_status":"","sticky":false,"template":"","format":"standard","meta":{"footnotes":""},"categories":[31,20,13],"tags":[],"class_list":["post-1150","post","type-post","status-publish","format-standard","has-post-thumbnail","hentry","category-b02eventos","category-eventos","category-observatorio"],"_links":{"self":[{"href":"https:\/\/www.unioviedo.es\/urbanred\/wp-json\/wp\/v2\/posts\/1150","targetHints":{"allow":["GET"]}}],"collection":[{"href":"https:\/\/www.unioviedo.es\/urbanred\/wp-json\/wp\/v2\/posts"}],"about":[{"href":"https:\/\/www.unioviedo.es\/urbanred\/wp-json\/wp\/v2\/types\/post"}],"author":[{"embeddable":true,"href":"https:\/\/www.unioviedo.es\/urbanred\/wp-json\/wp\/v2\/users\/1"}],"replies":[{"embeddable":true,"href":"https:\/\/www.unioviedo.es\/urbanred\/wp-json\/wp\/v2\/comments?post=1150"}],"version-history":[{"count":7,"href":"https:\/\/www.unioviedo.es\/urbanred\/wp-json\/wp\/v2\/posts\/1150\/revisions"}],"predecessor-version":[{"id":1297,"href":"https:\/\/www.unioviedo.es\/urbanred\/wp-json\/wp\/v2\/posts\/1150\/revisions\/1297"}],"wp:featuredmedia":[{"embeddable":true,"href":"https:\/\/www.unioviedo.es\/urbanred\/wp-json\/wp\/v2\/media\/826"}],"wp:attachment":[{"href":"https:\/\/www.unioviedo.es\/urbanred\/wp-json\/wp\/v2\/media?parent=1150"}],"wp:term":[{"taxonomy":"category","embeddable":true,"href":"https:\/\/www.unioviedo.es\/urbanred\/wp-json\/wp\/v2\/categories?post=1150"},{"taxonomy":"post_tag","embeddable":true,"href":"https:\/\/www.unioviedo.es\/urbanred\/wp-json\/wp\/v2\/tags?post=1150"}],"curies":[{"name":"wp","href":"https:\/\/api.w.org\/{rel}","templated":true}]}}