{"id":1208,"date":"2021-04-01T13:15:00","date_gmt":"2021-04-01T11:15:00","guid":{"rendered":"https:\/\/www.unioviedo.es\/urbanred\/?p=1208"},"modified":"2021-06-25T11:54:46","modified_gmt":"2021-06-25T09:54:46","slug":"innovacion-social-en-el-madrid-contemporaneo-influencia-e-institucionalizacion-de-los-movimientos-sociales-en-la-redefinicion-de-la-gobernanza-local","status":"publish","type":"post","link":"https:\/\/www.unioviedo.es\/urbanred\/innovacion-social-en-el-madrid-contemporaneo-influencia-e-institucionalizacion-de-los-movimientos-sociales-en-la-redefinicion-de-la-gobernanza-local\/","title":{"rendered":"\u00abInnovaci\u00f3n social en el Madrid contempor\u00e1neo: Influencia e institucionalizaci\u00f3n de los movimientos sociales en la redefinici\u00f3n de la gobernanza local\u00bb"},"content":{"rendered":"\n<div class=\"wp-block-columns is-layout-flex wp-container-core-columns-is-layout-1 wp-block-columns-is-layout-flex\">\n<div class=\"wp-block-column is-layout-flow wp-block-column-is-layout-flow\">\n<figure class=\"wp-block-image size-large is-resized\"><img loading=\"lazy\" decoding=\"async\" src=\"https:\/\/www.unioviedo.es\/urbanred\/wp-content\/uploads\/2021\/06\/portada.jpg\" alt=\"\" class=\"wp-image-1209\" width=\"279\" height=\"395\" srcset=\"https:\/\/www.unioviedo.es\/urbanred\/wp-content\/uploads\/2021\/06\/portada.jpg 469w, https:\/\/www.unioviedo.es\/urbanred\/wp-content\/uploads\/2021\/06\/portada-211x300.jpg 211w\" sizes=\"auto, (max-width: 279px) 100vw, 279px\" \/><\/figure>\n<\/div>\n\n\n\n<div class=\"wp-block-column is-layout-flow wp-block-column-is-layout-flow\">\n<p>De la Fuente, R., &amp; Medina-Garc\u00eda, C. (2021).<\/p>\n\n\n\n<p>En C. J. Navarro (Ed.),&nbsp;<em><em>Los nuevos retos de las pol\u00edticas urbanas<\/em>&nbsp;<\/em>(pp.31-42). Tirant lo Blanch.<\/p>\n\n\n\n<p>ISSN: 2174-5099<\/p>\n\n\n\n<p><a href=\"https:\/\/editorial.tirant.com\/es\/libro\/nuevos-retos-para-las-politicas-urbanas-relinque-medina-fernando-9788418155659\" target=\"_blank\" rel=\"noreferrer noopener\">M\u00e1s informaci\u00f3n<\/a><\/p>\n<\/div>\n<\/div>\n\n\n\n<p><\/p>\n","protected":false},"excerpt":{"rendered":"<p>De la Fuente, R., &amp; Medina-Garc\u00eda, C. (2021). En C. J. Navarro (Ed.),&nbsp;Los nuevos retos de las pol\u00edticas urbanas&nbsp;(pp.31-42). Tirant lo Blanch. ISSN: 2174-5099 M\u00e1s informaci\u00f3n<\/p>\n","protected":false},"author":1,"featured_media":829,"comment_status":"closed","ping_status":"","sticky":false,"template":"","format":"standard","meta":{"footnotes":""},"categories":[34,13,16],"tags":[],"class_list":["post-1208","post","type-post","status-publish","format-standard","has-post-thumbnail","hentry","category-b02publicaciones","category-observatorio","category-publicaciones"],"_links":{"self":[{"href":"https:\/\/www.unioviedo.es\/urbanred\/wp-json\/wp\/v2\/posts\/1208","targetHints":{"allow":["GET"]}}],"collection":[{"href":"https:\/\/www.unioviedo.es\/urbanred\/wp-json\/wp\/v2\/posts"}],"about":[{"href":"https:\/\/www.unioviedo.es\/urbanred\/wp-json\/wp\/v2\/types\/post"}],"author":[{"embeddable":true,"href":"https:\/\/www.unioviedo.es\/urbanred\/wp-json\/wp\/v2\/users\/1"}],"replies":[{"embeddable":true,"href":"https:\/\/www.unioviedo.es\/urbanred\/wp-json\/wp\/v2\/comments?post=1208"}],"version-history":[{"count":2,"href":"https:\/\/www.unioviedo.es\/urbanred\/wp-json\/wp\/v2\/posts\/1208\/revisions"}],"predecessor-version":[{"id":1256,"href":"https:\/\/www.unioviedo.es\/urbanred\/wp-json\/wp\/v2\/posts\/1208\/revisions\/1256"}],"wp:featuredmedia":[{"embeddable":true,"href":"https:\/\/www.unioviedo.es\/urbanred\/wp-json\/wp\/v2\/media\/829"}],"wp:attachment":[{"href":"https:\/\/www.unioviedo.es\/urbanred\/wp-json\/wp\/v2\/media?parent=1208"}],"wp:term":[{"taxonomy":"category","embeddable":true,"href":"https:\/\/www.unioviedo.es\/urbanred\/wp-json\/wp\/v2\/categories?post=1208"},{"taxonomy":"post_tag","embeddable":true,"href":"https:\/\/www.unioviedo.es\/urbanred\/wp-json\/wp\/v2\/tags?post=1208"}],"curies":[{"name":"wp","href":"https:\/\/api.w.org\/{rel}","templated":true}]}}