{"id":1445,"date":"2021-10-20T12:43:13","date_gmt":"2021-10-20T10:43:13","guid":{"rendered":"https:\/\/www.unioviedo.es\/urbanred\/?p=1445"},"modified":"2022-01-10T10:48:09","modified_gmt":"2022-01-10T09:48:09","slug":"debates-urban-red-2","status":"publish","type":"post","link":"https:\/\/www.unioviedo.es\/urbanred\/debates-urban-red-2\/","title":{"rendered":"Primer Debate Urban Red"},"content":{"rendered":"\n<h1 class=\"has-medium-font-size wp-block-heading\"><strong><strong><span class=\"has-inline-color has-vivid-red-color\">Las ciudades: \u00bfactores o receptores de la acci\u00f3n clim\u00e1tica de la UE?<\/span><\/strong><\/strong><\/h1>\n\n\n\n<p>Fecha: 5 de octubre de 2021<br>Seminario web<\/p>\n\n\n\n<p>El pasado 5 de octubre se celebr\u00f3 el Seminario Web de DEBATES URBAN RED dedicado a <em>Las ciudades: \u00bfactores o receptores de la acci\u00f3n clim\u00e1tica de la UE?<\/em> En \u00e9l intervinieron Susana Galera (URJC), Julio Tejedor (UNIZAR), Judith Gifreu (UAB), Francisco Velasco (UAM) y Miguel Morcillo (Oficina del Pacto de los Alcaldes por la Energ\u00eda y el Clima). El debate estuvo moderado por Mar\u00eda Rosario Alonso, directora de URBANRED.<\/p>\n\n\n\n<figure class=\"wp-block-embed is-type-video is-provider-youtube wp-block-embed-youtube wp-embed-aspect-16-9 wp-has-aspect-ratio\"><div class=\"wp-block-embed__wrapper\">\n<iframe loading=\"lazy\" title=\"Las ciudades: \u00bfactores o receptores de la acci\u00f3n clim\u00e1tica de la UE?\" width=\"525\" height=\"295\" src=\"https:\/\/www.youtube.com\/embed\/HZsTu9LSo_8?feature=oembed\" frameborder=\"0\" allow=\"accelerometer; autoplay; clipboard-write; encrypted-media; gyroscope; picture-in-picture; web-share\" referrerpolicy=\"strict-origin-when-cross-origin\" allowfullscreen><\/iframe>\n<\/div><\/figure>\n\n\n\n<p><a href=\"https:\/\/www.unioviedo.es\/urbanred\/debates-urban-red\/\" target=\"_blank\" rel=\"noreferrer noopener\">M\u00e1s informaci\u00f3n<\/a><\/p>\n","protected":false},"excerpt":{"rendered":"<p>Las ciudades: \u00bfactores o receptores de la acci\u00f3n clim\u00e1tica de la UE? Fecha: 5 de octubre de 2021Seminario web El pasado 5 de octubre se celebr\u00f3 el Seminario Web de DEBATES URBAN RED dedicado a Las ciudades: \u00bfactores o receptores de la acci\u00f3n clim\u00e1tica de la UE? En \u00e9l intervinieron Susana Galera (URJC), Julio Tejedor &hellip; <\/p>\n<p class=\"link-more\"><a href=\"https:\/\/www.unioviedo.es\/urbanred\/debates-urban-red-2\/\" class=\"more-link\">Continuar leyendo<span class=\"screen-reader-text\"> \u00abPrimer Debate Urban Red\u00bb<\/span><\/a><\/p>\n","protected":false},"author":1,"featured_media":826,"comment_status":"closed","ping_status":"closed","sticky":false,"template":"","format":"standard","meta":{"footnotes":""},"categories":[129,20,13],"tags":[],"class_list":["post-1445","post","type-post","status-publish","format-standard","has-post-thumbnail","hentry","category-b04eventos","category-eventos","category-observatorio"],"_links":{"self":[{"href":"https:\/\/www.unioviedo.es\/urbanred\/wp-json\/wp\/v2\/posts\/1445","targetHints":{"allow":["GET"]}}],"collection":[{"href":"https:\/\/www.unioviedo.es\/urbanred\/wp-json\/wp\/v2\/posts"}],"about":[{"href":"https:\/\/www.unioviedo.es\/urbanred\/wp-json\/wp\/v2\/types\/post"}],"author":[{"embeddable":true,"href":"https:\/\/www.unioviedo.es\/urbanred\/wp-json\/wp\/v2\/users\/1"}],"replies":[{"embeddable":true,"href":"https:\/\/www.unioviedo.es\/urbanred\/wp-json\/wp\/v2\/comments?post=1445"}],"version-history":[{"count":5,"href":"https:\/\/www.unioviedo.es\/urbanred\/wp-json\/wp\/v2\/posts\/1445\/revisions"}],"predecessor-version":[{"id":1534,"href":"https:\/\/www.unioviedo.es\/urbanred\/wp-json\/wp\/v2\/posts\/1445\/revisions\/1534"}],"wp:featuredmedia":[{"embeddable":true,"href":"https:\/\/www.unioviedo.es\/urbanred\/wp-json\/wp\/v2\/media\/826"}],"wp:attachment":[{"href":"https:\/\/www.unioviedo.es\/urbanred\/wp-json\/wp\/v2\/media?parent=1445"}],"wp:term":[{"taxonomy":"category","embeddable":true,"href":"https:\/\/www.unioviedo.es\/urbanred\/wp-json\/wp\/v2\/categories?post=1445"},{"taxonomy":"post_tag","embeddable":true,"href":"https:\/\/www.unioviedo.es\/urbanred\/wp-json\/wp\/v2\/tags?post=1445"}],"curies":[{"name":"wp","href":"https:\/\/api.w.org\/{rel}","templated":true}]}}