{"id":1535,"date":"2021-11-25T11:50:45","date_gmt":"2021-11-25T10:50:45","guid":{"rendered":"https:\/\/www.unioviedo.es\/urbanred\/?p=1535"},"modified":"2022-01-10T10:48:41","modified_gmt":"2022-01-10T09:48:41","slug":"segundo-debate-urban-red","status":"publish","type":"post","link":"https:\/\/www.unioviedo.es\/urbanred\/segundo-debate-urban-red\/","title":{"rendered":"Segundo Debate Urban Red"},"content":{"rendered":"\n<h1 class=\"has-medium-font-size wp-block-heading\"><strong><strong><span class=\"has-inline-color has-vivid-red-color\">Las ciudades: \u00bfactores o receptores de la acci\u00f3n clim\u00e1tica de la UE?<\/span><\/strong><\/strong><\/h1>\n\n\n\n<p>Fecha: 2 de diciembre de 2021<br>Seminario web<\/p>\n\n\n\n<p>El debate se centrar\u00e1 en esta ocasi\u00f3n en las iniciativas concretas que se est\u00e1n desarrollando, en c\u00f3mo se est\u00e1 abordando la colaboraci\u00f3n con otros entes p\u00fablicos y resto de actores relevantes en la puesta en marcha de acciones y planes, as\u00ed como en la importante cuesti\u00f3n de la capacidad que han de desarrollar las ciudades para poder contribuir globalmente al cumplimiento de los objetivos nacionales de energ\u00eda y clima.<\/p>\n\n\n\n<figure class=\"wp-block-image size-large is-resized\"><a href=\"https:\/\/www.unioviedo.es\/urbanred\/debates-urban-red\/\"><img loading=\"lazy\" decoding=\"async\" src=\"https:\/\/www.unioviedo.es\/urbanred\/wp-content\/uploads\/2021\/11\/cartel-UrbanRed-2021_diciembre-724x1024.jpg\" alt=\"\" class=\"wp-image-1536\" width=\"142\" height=\"200\" srcset=\"https:\/\/www.unioviedo.es\/urbanred\/wp-content\/uploads\/2021\/11\/cartel-UrbanRed-2021_diciembre-724x1024.jpg 724w, https:\/\/www.unioviedo.es\/urbanred\/wp-content\/uploads\/2021\/11\/cartel-UrbanRed-2021_diciembre-212x300.jpg 212w, https:\/\/www.unioviedo.es\/urbanred\/wp-content\/uploads\/2021\/11\/cartel-UrbanRed-2021_diciembre-768x1086.jpg 768w, https:\/\/www.unioviedo.es\/urbanred\/wp-content\/uploads\/2021\/11\/cartel-UrbanRed-2021_diciembre-1086x1536.jpg 1086w, https:\/\/www.unioviedo.es\/urbanred\/wp-content\/uploads\/2021\/11\/cartel-UrbanRed-2021_diciembre-1448x2048.jpg 1448w, https:\/\/www.unioviedo.es\/urbanred\/wp-content\/uploads\/2021\/11\/cartel-UrbanRed-2021_diciembre-scaled.jpg 1810w\" sizes=\"auto, (max-width: 142px) 100vw, 142px\" \/><\/a><\/figure>\n","protected":false},"excerpt":{"rendered":"<p>Las ciudades: \u00bfactores o receptores de la acci\u00f3n clim\u00e1tica de la UE? Fecha: 2 de diciembre de 2021Seminario web El debate se centrar\u00e1 en esta ocasi\u00f3n en las iniciativas concretas que se est\u00e1n desarrollando, en c\u00f3mo se est\u00e1 abordando la colaboraci\u00f3n con otros entes p\u00fablicos y resto de actores relevantes en la puesta en marcha &hellip; <\/p>\n<p class=\"link-more\"><a href=\"https:\/\/www.unioviedo.es\/urbanred\/segundo-debate-urban-red\/\" class=\"more-link\">Continuar leyendo<span class=\"screen-reader-text\"> \u00abSegundo Debate Urban Red\u00bb<\/span><\/a><\/p>\n","protected":false},"author":1,"featured_media":826,"comment_status":"closed","ping_status":"closed","sticky":false,"template":"","format":"standard","meta":{"footnotes":""},"categories":[129,20,13],"tags":[],"class_list":["post-1535","post","type-post","status-publish","format-standard","has-post-thumbnail","hentry","category-b04eventos","category-eventos","category-observatorio"],"_links":{"self":[{"href":"https:\/\/www.unioviedo.es\/urbanred\/wp-json\/wp\/v2\/posts\/1535","targetHints":{"allow":["GET"]}}],"collection":[{"href":"https:\/\/www.unioviedo.es\/urbanred\/wp-json\/wp\/v2\/posts"}],"about":[{"href":"https:\/\/www.unioviedo.es\/urbanred\/wp-json\/wp\/v2\/types\/post"}],"author":[{"embeddable":true,"href":"https:\/\/www.unioviedo.es\/urbanred\/wp-json\/wp\/v2\/users\/1"}],"replies":[{"embeddable":true,"href":"https:\/\/www.unioviedo.es\/urbanred\/wp-json\/wp\/v2\/comments?post=1535"}],"version-history":[{"count":2,"href":"https:\/\/www.unioviedo.es\/urbanred\/wp-json\/wp\/v2\/posts\/1535\/revisions"}],"predecessor-version":[{"id":1541,"href":"https:\/\/www.unioviedo.es\/urbanred\/wp-json\/wp\/v2\/posts\/1535\/revisions\/1541"}],"wp:featuredmedia":[{"embeddable":true,"href":"https:\/\/www.unioviedo.es\/urbanred\/wp-json\/wp\/v2\/media\/826"}],"wp:attachment":[{"href":"https:\/\/www.unioviedo.es\/urbanred\/wp-json\/wp\/v2\/media?parent=1535"}],"wp:term":[{"taxonomy":"category","embeddable":true,"href":"https:\/\/www.unioviedo.es\/urbanred\/wp-json\/wp\/v2\/categories?post=1535"},{"taxonomy":"post_tag","embeddable":true,"href":"https:\/\/www.unioviedo.es\/urbanred\/wp-json\/wp\/v2\/tags?post=1535"}],"curies":[{"name":"wp","href":"https:\/\/api.w.org\/{rel}","templated":true}]}}