{"id":1747,"date":"2022-06-28T12:00:00","date_gmt":"2022-06-28T10:00:00","guid":{"rendered":"https:\/\/www.unioviedo.es\/urbanred\/?p=1747"},"modified":"2022-07-18T12:01:05","modified_gmt":"2022-07-18T10:01:05","slug":"blog-nuevo-derecho-a-la-ciudad","status":"publish","type":"post","link":"https:\/\/www.unioviedo.es\/urbanred\/blog-nuevo-derecho-a-la-ciudad\/","title":{"rendered":"\u00abBlog Nuevo Derecho a la Ciudad\u00bb"},"content":{"rendered":"\n<div class=\"wp-block-columns is-layout-flex wp-container-core-columns-is-layout-1 wp-block-columns-is-layout-flex\">\n<div class=\"wp-block-column is-layout-flow wp-block-column-is-layout-flow\">\n<p>Disponible en: <a rel=\"noreferrer noopener\" href=\"https:\/\/dretciutat.blogs.uv.es\/\" target=\"_blank\">https:\/\/dretciutat.blogs.uv.es\/<\/a><\/p>\n\n\n\n<p>El blog pretende mostrar la evoluci\u00f3n de las actividades desarrolladas en el marco del proyecto de investigaci\u00f3n \u201cEl nuevo Derecho de la ciudad\u201d, financiado como Acci\u00f3n Especial de la Universitat de Val\u00e8ncia. Progresivamente incorporar\u00e1 los resultados de la investigaci\u00f3n, con el objetivo de identificar las necesidades y proponer soluciones a algunos de los desaf\u00edos que presentan las ciudades del siglo XXI, sobre todo despu\u00e9s de la crisis sanitaria originada por el COVID-19, en la que se han hecho m\u00e1s visibles las brechas y desequilibrios urbanos.<\/p>\n<\/div>\n<\/div>\n\n\n\n<p><\/p>\n","protected":false},"excerpt":{"rendered":"<p>Disponible en: https:\/\/dretciutat.blogs.uv.es\/ El blog pretende mostrar la evoluci\u00f3n de las actividades desarrolladas en el marco del proyecto de investigaci\u00f3n \u201cEl nuevo Derecho de la ciudad\u201d, financiado como Acci\u00f3n Especial de la Universitat de Val\u00e8ncia. Progresivamente incorporar\u00e1 los resultados de la investigaci\u00f3n, con el objetivo de identificar las necesidades y proponer soluciones a algunos de &hellip; <\/p>\n<p class=\"link-more\"><a href=\"https:\/\/www.unioviedo.es\/urbanred\/blog-nuevo-derecho-a-la-ciudad\/\" class=\"more-link\">Continuar leyendo<span class=\"screen-reader-text\"> \u00ab\u00abBlog Nuevo Derecho a la Ciudad\u00bb\u00bb<\/span><\/a><\/p>\n","protected":false},"author":1,"featured_media":829,"comment_status":"closed","ping_status":"closed","sticky":false,"template":"","format":"standard","meta":{"footnotes":""},"categories":[147,13,16],"tags":[],"class_list":["post-1747","post","type-post","status-publish","format-standard","has-post-thumbnail","hentry","category-b06publicaciones","category-observatorio","category-publicaciones"],"_links":{"self":[{"href":"https:\/\/www.unioviedo.es\/urbanred\/wp-json\/wp\/v2\/posts\/1747","targetHints":{"allow":["GET"]}}],"collection":[{"href":"https:\/\/www.unioviedo.es\/urbanred\/wp-json\/wp\/v2\/posts"}],"about":[{"href":"https:\/\/www.unioviedo.es\/urbanred\/wp-json\/wp\/v2\/types\/post"}],"author":[{"embeddable":true,"href":"https:\/\/www.unioviedo.es\/urbanred\/wp-json\/wp\/v2\/users\/1"}],"replies":[{"embeddable":true,"href":"https:\/\/www.unioviedo.es\/urbanred\/wp-json\/wp\/v2\/comments?post=1747"}],"version-history":[{"count":1,"href":"https:\/\/www.unioviedo.es\/urbanred\/wp-json\/wp\/v2\/posts\/1747\/revisions"}],"predecessor-version":[{"id":1748,"href":"https:\/\/www.unioviedo.es\/urbanred\/wp-json\/wp\/v2\/posts\/1747\/revisions\/1748"}],"wp:featuredmedia":[{"embeddable":true,"href":"https:\/\/www.unioviedo.es\/urbanred\/wp-json\/wp\/v2\/media\/829"}],"wp:attachment":[{"href":"https:\/\/www.unioviedo.es\/urbanred\/wp-json\/wp\/v2\/media?parent=1747"}],"wp:term":[{"taxonomy":"category","embeddable":true,"href":"https:\/\/www.unioviedo.es\/urbanred\/wp-json\/wp\/v2\/categories?post=1747"},{"taxonomy":"post_tag","embeddable":true,"href":"https:\/\/www.unioviedo.es\/urbanred\/wp-json\/wp\/v2\/tags?post=1747"}],"curies":[{"name":"wp","href":"https:\/\/api.w.org\/{rel}","templated":true}]}}