{"id":1752,"date":"2022-06-30T12:22:00","date_gmt":"2022-06-30T10:22:00","guid":{"rendered":"https:\/\/www.unioviedo.es\/urbanred\/?p=1752"},"modified":"2022-07-18T12:24:56","modified_gmt":"2022-07-18T10:24:56","slug":"la-reconstruccion-de-la-ciudad-existente-regimen-juridico","status":"publish","type":"post","link":"https:\/\/www.unioviedo.es\/urbanred\/la-reconstruccion-de-la-ciudad-existente-regimen-juridico\/","title":{"rendered":"\u00abLa reconstrucci\u00f3n de la ciudad existente: r\u00e9gimen jur\u00eddico\u00bb"},"content":{"rendered":"\n<div class=\"wp-block-columns is-layout-flex wp-container-core-columns-is-layout-1 wp-block-columns-is-layout-flex\">\n<div class=\"wp-block-column is-layout-flow wp-block-column-is-layout-flow\">\n<p>El pasado 30 de junio tuvo lugar la defensa de la memoria de Tesis doctoral presentada por la profesora Alicia Espejo Campos, titulada&nbsp;<em>La reconstrucci\u00f3n de la ciudad existente: r\u00e9gimen jur\u00eddico\u201d.<\/em>&nbsp;La tesis ha sido dirigida por el Prof. Dr. Francisco Villar Rojas, catedr\u00e1tico de Derecho Administrativo de la Universidad de La Laguna. El Tribunal estuvo formado por profesores de una amplia especializaci\u00f3n y experiencia en Derecho Urban\u00edstico, estando presidido por el Dr. Angel Men\u00e9ndez Rexach, Catedr\u00e1tico Em\u00e9rito de la Universidad Aut\u00f3noma de Madrid, actuando como vocal el Dr. Antoine Bourrel, profesor de la Universidad francesa de Pau y como secretaria la Dra. Mar\u00eda Rosario Alonso Ib\u00e1\u00f1ez, Catedr\u00e1tica de la Universidad de Oviedo. La tesis obtuvo la m\u00e1xima calificaci\u00f3n de Sobresaliente cum laude por unanimidad y Menci\u00f3n internacional, habi\u00e9ndose defendido una parte en franc\u00e9s.<\/p>\n\n\n\n<p>Alicia Espejo Campos es profesora Ayudante de Derecho Administrativo de la Universidad de La Laguna, Master en Derecho Urban\u00edstico de la ULL y Master en Derecho de la Uni\u00f3n europea por la UNED y realiz\u00f3 una estancia de investigaci\u00f3n para la realizaci\u00f3n de la tesis doctoral en la Universidad francesa de Potier.&nbsp;<\/p>\n\n\n\n<p>La tesis abord\u00f3 el r\u00e9gimen completo de las actividades de renovaci\u00f3n y regeneraci\u00f3n de la ciudad, las distintas actuaciones que pueden realizarse, as\u00ed como la diversidad de reg\u00edmenes&nbsp;jur\u00eddicos aplicables a las mismas. Para ello&nbsp;se realiza una diferenciaci\u00f3n de tales actividades, sus presupuestos, requisitos y l\u00edmites. Tambi\u00e9n los problemas de configuraci\u00f3n legal a los que se&nbsp;enfrentan, agravado por un marco jur\u00eddico que tiende a reproducir modelos pasados. La obra ver\u00e1 la luz como monograf\u00eda en pr\u00f3ximas fechas.<\/p>\n<\/div>\n<\/div>\n","protected":false},"excerpt":{"rendered":"<p>El pasado 30 de junio tuvo lugar la defensa de la memoria de Tesis doctoral presentada por la profesora Alicia Espejo Campos, titulada&nbsp;La reconstrucci\u00f3n de la ciudad existente: r\u00e9gimen jur\u00eddico\u201d.&nbsp;La tesis ha sido dirigida por el Prof. Dr. Francisco Villar Rojas, catedr\u00e1tico de Derecho Administrativo de la Universidad de La Laguna. El Tribunal estuvo formado &hellip; <\/p>\n<p class=\"link-more\"><a href=\"https:\/\/www.unioviedo.es\/urbanred\/la-reconstruccion-de-la-ciudad-existente-regimen-juridico\/\" class=\"more-link\">Continuar leyendo<span class=\"screen-reader-text\"> \u00ab\u00abLa reconstrucci\u00f3n de la ciudad existente: r\u00e9gimen jur\u00eddico\u00bb\u00bb<\/span><\/a><\/p>\n","protected":false},"author":1,"featured_media":829,"comment_status":"closed","ping_status":"closed","sticky":false,"template":"","format":"standard","meta":{"footnotes":""},"categories":[147,13,16],"tags":[],"class_list":["post-1752","post","type-post","status-publish","format-standard","has-post-thumbnail","hentry","category-b06publicaciones","category-observatorio","category-publicaciones"],"_links":{"self":[{"href":"https:\/\/www.unioviedo.es\/urbanred\/wp-json\/wp\/v2\/posts\/1752","targetHints":{"allow":["GET"]}}],"collection":[{"href":"https:\/\/www.unioviedo.es\/urbanred\/wp-json\/wp\/v2\/posts"}],"about":[{"href":"https:\/\/www.unioviedo.es\/urbanred\/wp-json\/wp\/v2\/types\/post"}],"author":[{"embeddable":true,"href":"https:\/\/www.unioviedo.es\/urbanred\/wp-json\/wp\/v2\/users\/1"}],"replies":[{"embeddable":true,"href":"https:\/\/www.unioviedo.es\/urbanred\/wp-json\/wp\/v2\/comments?post=1752"}],"version-history":[{"count":1,"href":"https:\/\/www.unioviedo.es\/urbanred\/wp-json\/wp\/v2\/posts\/1752\/revisions"}],"predecessor-version":[{"id":1753,"href":"https:\/\/www.unioviedo.es\/urbanred\/wp-json\/wp\/v2\/posts\/1752\/revisions\/1753"}],"wp:featuredmedia":[{"embeddable":true,"href":"https:\/\/www.unioviedo.es\/urbanred\/wp-json\/wp\/v2\/media\/829"}],"wp:attachment":[{"href":"https:\/\/www.unioviedo.es\/urbanred\/wp-json\/wp\/v2\/media?parent=1752"}],"wp:term":[{"taxonomy":"category","embeddable":true,"href":"https:\/\/www.unioviedo.es\/urbanred\/wp-json\/wp\/v2\/categories?post=1752"},{"taxonomy":"post_tag","embeddable":true,"href":"https:\/\/www.unioviedo.es\/urbanred\/wp-json\/wp\/v2\/tags?post=1752"}],"curies":[{"name":"wp","href":"https:\/\/api.w.org\/{rel}","templated":true}]}}