{"id":1952,"date":"2023-03-07T22:00:00","date_gmt":"2023-03-07T21:00:00","guid":{"rendered":"https:\/\/www.unioviedo.es\/urbanred\/?p=1952"},"modified":"2023-04-10T11:27:32","modified_gmt":"2023-04-10T09:27:32","slug":"seminario-urb_int-dimensiones-de-la-vulnerabilidad-urbana-en-un-contexto-de-crisis-ecosocial-bases-de-datos-y-fuentes-estadisticas","status":"publish","type":"post","link":"https:\/\/www.unioviedo.es\/urbanred\/seminario-urb_int-dimensiones-de-la-vulnerabilidad-urbana-en-un-contexto-de-crisis-ecosocial-bases-de-datos-y-fuentes-estadisticas\/","title":{"rendered":"Seminario [URB_inT]: Dimensiones de la vulnerabilidad urbana en un contexto de crisis ecosocial: bases de datos y fuentes estad\u00edsticas"},"content":{"rendered":"\n<p>El seminario tendr\u00e1 lugar el mi\u00e9rcoles 22 de marzo, a las 9:00 h, en la Sala de Grados B de la Escuela T\u00e9cnica Superior de Arquitectura de Madrid (UPM). Se podr\u00e1 seguir tambi\u00e9n a trav\u00e9s de la retransmisi\u00f3n <a rel=\"noreferrer noopener\" href=\"http:\/\/audiovisuales.upm.es\/directo\/\" target=\"_blank\">en este enlace<\/a>.<\/p>\n\n\n\n<figure class=\"wp-block-image size-large\"><a href=\"http:\/\/vps181.cesvima.upm.es\/re-hab\/2023\/03\/07\/seminario-urb_int-dimensiones-de-la-vulnerabilidad-urbana-en-un-contexto-de-crisis-ecosocial-bases-de-datos-y-fuentes-estadisticas\/\" target=\"_blank\" rel=\"noopener\"><img decoding=\"async\" src=\"https:\/\/i0.wp.com\/vps181.cesvima.upm.es\/re-hab\/wp-content\/uploads\/sites\/6\/2023\/03\/DEF_Programa_Seminario-22marzo.png?resize=724%2C1024\" alt=\"\"\/><\/a><\/figure>\n","protected":false},"excerpt":{"rendered":"<p>El seminario tendr\u00e1 lugar el mi\u00e9rcoles 22 de marzo, a las 9:00 h, en la Sala de Grados B de la Escuela T\u00e9cnica Superior de Arquitectura de Madrid (UPM). Se podr\u00e1 seguir tambi\u00e9n a trav\u00e9s de la retransmisi\u00f3n en este enlace.<\/p>\n","protected":false},"author":1,"featured_media":826,"comment_status":"closed","ping_status":"closed","sticky":false,"template":"","format":"standard","meta":{"footnotes":""},"categories":[173,21,20,13],"tags":[],"class_list":["post-1952","post","type-post","status-publish","format-standard","has-post-thumbnail","hentry","category-b09eventos","category-boletin","category-eventos","category-observatorio"],"_links":{"self":[{"href":"https:\/\/www.unioviedo.es\/urbanred\/wp-json\/wp\/v2\/posts\/1952","targetHints":{"allow":["GET"]}}],"collection":[{"href":"https:\/\/www.unioviedo.es\/urbanred\/wp-json\/wp\/v2\/posts"}],"about":[{"href":"https:\/\/www.unioviedo.es\/urbanred\/wp-json\/wp\/v2\/types\/post"}],"author":[{"embeddable":true,"href":"https:\/\/www.unioviedo.es\/urbanred\/wp-json\/wp\/v2\/users\/1"}],"replies":[{"embeddable":true,"href":"https:\/\/www.unioviedo.es\/urbanred\/wp-json\/wp\/v2\/comments?post=1952"}],"version-history":[{"count":2,"href":"https:\/\/www.unioviedo.es\/urbanred\/wp-json\/wp\/v2\/posts\/1952\/revisions"}],"predecessor-version":[{"id":1954,"href":"https:\/\/www.unioviedo.es\/urbanred\/wp-json\/wp\/v2\/posts\/1952\/revisions\/1954"}],"wp:featuredmedia":[{"embeddable":true,"href":"https:\/\/www.unioviedo.es\/urbanred\/wp-json\/wp\/v2\/media\/826"}],"wp:attachment":[{"href":"https:\/\/www.unioviedo.es\/urbanred\/wp-json\/wp\/v2\/media?parent=1952"}],"wp:term":[{"taxonomy":"category","embeddable":true,"href":"https:\/\/www.unioviedo.es\/urbanred\/wp-json\/wp\/v2\/categories?post=1952"},{"taxonomy":"post_tag","embeddable":true,"href":"https:\/\/www.unioviedo.es\/urbanred\/wp-json\/wp\/v2\/tags?post=1952"}],"curies":[{"name":"wp","href":"https:\/\/api.w.org\/{rel}","templated":true}]}}