{"id":1963,"date":"2023-03-29T16:35:03","date_gmt":"2023-03-29T14:35:03","guid":{"rendered":"https:\/\/www.unioviedo.es\/urbanred\/?p=1963"},"modified":"2023-04-10T11:23:30","modified_gmt":"2023-04-10T09:23:30","slug":"seminario-urb_int-disponible-en-abierto","status":"publish","type":"post","link":"https:\/\/www.unioviedo.es\/urbanred\/seminario-urb_int-disponible-en-abierto\/","title":{"rendered":"Seminario [URB_inT] disponible en abierto"},"content":{"rendered":"\n<p>Ya est\u00e1 disponible en abierto  el seminario \u00abDimensiones de la vulnerabilidad urbana en un contexto de crisis ecosocial: bases de datos y fuentes estad\u00edsticas\u00bb, celebrado el pasado 22 de marzo en la Escuela T\u00e9cnica Superior de Arquitectura de Madrid (UPM). <\/p>\n\n\n\n<p><a href=\"http:\/\/vps181.cesvima.upm.es\/re-hab\/2023\/03\/29\/disponible-en-abierto-el-seminario-urb_int-dimensiones-de-la-vulnerabilidad-urbana-en-un-contexto-de-crisis-ecosocial-bases-de-datos-y-fuentes-estadisticas\/?utm_source=rss&amp;utm_medium=rss&amp;utm_campaign=disponible-en-abierto-el-seminario-urb_int-dimensiones-de-la-vulnerabilidad-urbana-en-un-contexto-de-crisis-ecosocial-bases-de-datos-y-fuentes-estadisticas\" target=\"_blank\" rel=\"noreferrer noopener\">M\u00e1s informaci\u00f3n<\/a><\/p>\n\n\n\n<figure class=\"wp-block-embed is-type-video is-provider-youtube wp-block-embed-youtube wp-embed-aspect-16-9 wp-has-aspect-ratio\"><div class=\"wp-block-embed__wrapper\">\n<iframe loading=\"lazy\" title=\"Seminario [URB_inT] | (1) Dimensiones de la vulnerabilidad urbana ante la crisis ecosocial\" width=\"525\" height=\"295\" src=\"https:\/\/www.youtube.com\/embed\/cn49LaK5nio?feature=oembed\" frameborder=\"0\" allow=\"accelerometer; autoplay; clipboard-write; encrypted-media; gyroscope; picture-in-picture; web-share\" referrerpolicy=\"strict-origin-when-cross-origin\" allowfullscreen><\/iframe>\n<\/div><\/figure>\n","protected":false},"excerpt":{"rendered":"<p>Ya est\u00e1 disponible en abierto el seminario \u00abDimensiones de la vulnerabilidad urbana en un contexto de crisis ecosocial: bases de datos y fuentes estad\u00edsticas\u00bb, celebrado el pasado 22 de marzo en la Escuela T\u00e9cnica Superior de Arquitectura de Madrid (UPM). M\u00e1s informaci\u00f3n<\/p>\n","protected":false},"author":1,"featured_media":828,"comment_status":"closed","ping_status":"closed","sticky":false,"template":"","format":"standard","meta":{"footnotes":""},"categories":[179,21,13,25],"tags":[],"class_list":["post-1963","post","type-post","status-publish","format-standard","has-post-thumbnail","hentry","category-b09otros","category-boletin","category-observatorio","category-otros"],"_links":{"self":[{"href":"https:\/\/www.unioviedo.es\/urbanred\/wp-json\/wp\/v2\/posts\/1963","targetHints":{"allow":["GET"]}}],"collection":[{"href":"https:\/\/www.unioviedo.es\/urbanred\/wp-json\/wp\/v2\/posts"}],"about":[{"href":"https:\/\/www.unioviedo.es\/urbanred\/wp-json\/wp\/v2\/types\/post"}],"author":[{"embeddable":true,"href":"https:\/\/www.unioviedo.es\/urbanred\/wp-json\/wp\/v2\/users\/1"}],"replies":[{"embeddable":true,"href":"https:\/\/www.unioviedo.es\/urbanred\/wp-json\/wp\/v2\/comments?post=1963"}],"version-history":[{"count":2,"href":"https:\/\/www.unioviedo.es\/urbanred\/wp-json\/wp\/v2\/posts\/1963\/revisions"}],"predecessor-version":[{"id":1965,"href":"https:\/\/www.unioviedo.es\/urbanred\/wp-json\/wp\/v2\/posts\/1963\/revisions\/1965"}],"wp:featuredmedia":[{"embeddable":true,"href":"https:\/\/www.unioviedo.es\/urbanred\/wp-json\/wp\/v2\/media\/828"}],"wp:attachment":[{"href":"https:\/\/www.unioviedo.es\/urbanred\/wp-json\/wp\/v2\/media?parent=1963"}],"wp:term":[{"taxonomy":"category","embeddable":true,"href":"https:\/\/www.unioviedo.es\/urbanred\/wp-json\/wp\/v2\/categories?post=1963"},{"taxonomy":"post_tag","embeddable":true,"href":"https:\/\/www.unioviedo.es\/urbanred\/wp-json\/wp\/v2\/tags?post=1963"}],"curies":[{"name":"wp","href":"https:\/\/api.w.org\/{rel}","templated":true}]}}