{"id":1980,"date":"2023-03-31T11:40:00","date_gmt":"2023-03-31T09:40:00","guid":{"rendered":"https:\/\/www.unioviedo.es\/urbanred\/?p=1980"},"modified":"2023-04-10T11:50:20","modified_gmt":"2023-04-10T09:50:20","slug":"politica-de-medio-ambiente-y-accion-por-el-clima","status":"publish","type":"post","link":"https:\/\/www.unioviedo.es\/urbanred\/politica-de-medio-ambiente-y-accion-por-el-clima\/","title":{"rendered":"\u00abPol\u00edtica de medio ambiente y acci\u00f3n por el clima\u00bb"},"content":{"rendered":"\n<div class=\"wp-block-columns is-layout-flex wp-container-core-columns-is-layout-1 wp-block-columns-is-layout-flex\">\n<div class=\"wp-block-column is-layout-flow wp-block-column-is-layout-flow\" style=\"flex-basis:66.66%\">\n<p style=\"font-size:24px\"><sub>Gu\u00eda de pol\u00edticas de la Uni\u00f3n Europea 2022<\/sub><\/p>\n\n\n\n<p class=\"has-normal-font-size\"> Isabel Hern\u00e1ndez San Juan (Octubre 2022)<\/p>\n\n\n\n<p class=\"has-medium-font-size\"><sub>ISBN: 978-84-451-4032-1.<\/sub><\/p>\n<\/div>\n\n\n\n<div class=\"wp-block-column is-layout-flow wp-block-column-is-layout-flow\" style=\"flex-basis:33.33%\">\n<figure class=\"wp-block-image size-large\"><a href=\"https:\/\/www.comunidad.madrid\/servicios\/madrid-mundo\/publicaciones-union-europea\" target=\"_blank\" rel=\"noopener\"><img decoding=\"async\" src=\"https:\/\/www.comunidad.madrid\/sites\/default\/files\/styles\/imagen_enlace_opcional\/public\/portada_guia_de_politicas_de_la_ue_2022.jpg?itok=eA98fRyD&amp;c=fafc0d1ecec7fb52461e40827843b0a8\" alt=\"\"\/><\/a><\/figure>\n<\/div>\n<\/div>\n\n\n\n<p>La Gu\u00eda de pol\u00edticas de la Uni\u00f3n Europea se edita cada a\u00f1o, producto de la colaboraci\u00f3n entre el Centro de Documentaci\u00f3n Europea de la Comunidad de Madrid y las universidades madrile\u00f1as, sus Centros de Documentaci\u00f3n Europea y profesores universitarios.<\/p>\n\n\n\n<p><a href=\"https:\/\/www.comunidad.madrid\/servicios\/madrid-mundo\/publicaciones-union-europea\" target=\"_blank\" rel=\"noreferrer noopener\">M\u00e1s informaci\u00f3n<\/a><\/p>\n","protected":false},"excerpt":{"rendered":"<p>Gu\u00eda de pol\u00edticas de la Uni\u00f3n Europea 2022 Isabel Hern\u00e1ndez San Juan (Octubre 2022) ISBN: 978-84-451-4032-1. La Gu\u00eda de pol\u00edticas de la Uni\u00f3n Europea se edita cada a\u00f1o, producto de la colaboraci\u00f3n entre el Centro de Documentaci\u00f3n Europea de la Comunidad de Madrid y las universidades madrile\u00f1as, sus Centros de Documentaci\u00f3n Europea y profesores universitarios. &hellip; <\/p>\n<p class=\"link-more\"><a href=\"https:\/\/www.unioviedo.es\/urbanred\/politica-de-medio-ambiente-y-accion-por-el-clima\/\" class=\"more-link\">Continuar leyendo<span class=\"screen-reader-text\"> \u00ab\u00abPol\u00edtica de medio ambiente y acci\u00f3n por el clima\u00bb\u00bb<\/span><\/a><\/p>\n","protected":false},"author":1,"featured_media":829,"comment_status":"closed","ping_status":"closed","sticky":false,"template":"","format":"standard","meta":{"footnotes":""},"categories":[175,13,16],"tags":[],"class_list":["post-1980","post","type-post","status-publish","format-standard","has-post-thumbnail","hentry","category-b09publicaciones","category-observatorio","category-publicaciones"],"_links":{"self":[{"href":"https:\/\/www.unioviedo.es\/urbanred\/wp-json\/wp\/v2\/posts\/1980","targetHints":{"allow":["GET"]}}],"collection":[{"href":"https:\/\/www.unioviedo.es\/urbanred\/wp-json\/wp\/v2\/posts"}],"about":[{"href":"https:\/\/www.unioviedo.es\/urbanred\/wp-json\/wp\/v2\/types\/post"}],"author":[{"embeddable":true,"href":"https:\/\/www.unioviedo.es\/urbanred\/wp-json\/wp\/v2\/users\/1"}],"replies":[{"embeddable":true,"href":"https:\/\/www.unioviedo.es\/urbanred\/wp-json\/wp\/v2\/comments?post=1980"}],"version-history":[{"count":6,"href":"https:\/\/www.unioviedo.es\/urbanred\/wp-json\/wp\/v2\/posts\/1980\/revisions"}],"predecessor-version":[{"id":1986,"href":"https:\/\/www.unioviedo.es\/urbanred\/wp-json\/wp\/v2\/posts\/1980\/revisions\/1986"}],"wp:featuredmedia":[{"embeddable":true,"href":"https:\/\/www.unioviedo.es\/urbanred\/wp-json\/wp\/v2\/media\/829"}],"wp:attachment":[{"href":"https:\/\/www.unioviedo.es\/urbanred\/wp-json\/wp\/v2\/media?parent=1980"}],"wp:term":[{"taxonomy":"category","embeddable":true,"href":"https:\/\/www.unioviedo.es\/urbanred\/wp-json\/wp\/v2\/categories?post=1980"},{"taxonomy":"post_tag","embeddable":true,"href":"https:\/\/www.unioviedo.es\/urbanred\/wp-json\/wp\/v2\/tags?post=1980"}],"curies":[{"name":"wp","href":"https:\/\/api.w.org\/{rel}","templated":true}]}}