{"id":2004,"date":"2023-03-03T21:28:00","date_gmt":"2023-03-03T20:28:00","guid":{"rendered":"https:\/\/www.unioviedo.es\/urbanred\/?p=2004"},"modified":"2023-04-14T21:40:03","modified_gmt":"2023-04-14T19:40:03","slug":"seminario-sobre-riesgos-naturales-territorio-y-derecho-2","status":"publish","type":"post","link":"https:\/\/www.unioviedo.es\/urbanred\/seminario-sobre-riesgos-naturales-territorio-y-derecho-2\/","title":{"rendered":"Seminario sobre riesgos naturales, territorio y derecho"},"content":{"rendered":"\n<p>1, 2 y 3 de marzo de 2023. 16.30h-20.30h<\/p>\n\n\n\n<p>5\u00aa edici\u00f3n M\u00e1ster en Derecho Urban\u00edstico. <\/p>\n\n\n\n<p>Universidad de La Laguna. Coordinadora: Dra. Alicia Espejo Campos<\/p>\n\n\n\n<figure class=\"wp-block-image size-large is-resized\"><img loading=\"lazy\" decoding=\"async\" src=\"https:\/\/www.ub.edu\/carsep\/wp-content\/uploads\/2023\/03\/SEMINARIOSOBRERIEGOS-980x692.png\" alt=\"\" width=\"674\" height=\"953\"\/><\/figure>\n","protected":false},"excerpt":{"rendered":"<p>1, 2 y 3 de marzo de 2023. 16.30h-20.30h 5\u00aa edici\u00f3n M\u00e1ster en Derecho Urban\u00edstico. Universidad de La Laguna. Coordinadora: Dra. Alicia Espejo Campos<\/p>\n","protected":false},"author":1,"featured_media":826,"comment_status":"closed","ping_status":"closed","sticky":false,"template":"","format":"standard","meta":{"footnotes":""},"categories":[173,21,20,13],"tags":[],"class_list":["post-2004","post","type-post","status-publish","format-standard","has-post-thumbnail","hentry","category-b09eventos","category-boletin","category-eventos","category-observatorio"],"_links":{"self":[{"href":"https:\/\/www.unioviedo.es\/urbanred\/wp-json\/wp\/v2\/posts\/2004","targetHints":{"allow":["GET"]}}],"collection":[{"href":"https:\/\/www.unioviedo.es\/urbanred\/wp-json\/wp\/v2\/posts"}],"about":[{"href":"https:\/\/www.unioviedo.es\/urbanred\/wp-json\/wp\/v2\/types\/post"}],"author":[{"embeddable":true,"href":"https:\/\/www.unioviedo.es\/urbanred\/wp-json\/wp\/v2\/users\/1"}],"replies":[{"embeddable":true,"href":"https:\/\/www.unioviedo.es\/urbanred\/wp-json\/wp\/v2\/comments?post=2004"}],"version-history":[{"count":2,"href":"https:\/\/www.unioviedo.es\/urbanred\/wp-json\/wp\/v2\/posts\/2004\/revisions"}],"predecessor-version":[{"id":2006,"href":"https:\/\/www.unioviedo.es\/urbanred\/wp-json\/wp\/v2\/posts\/2004\/revisions\/2006"}],"wp:featuredmedia":[{"embeddable":true,"href":"https:\/\/www.unioviedo.es\/urbanred\/wp-json\/wp\/v2\/media\/826"}],"wp:attachment":[{"href":"https:\/\/www.unioviedo.es\/urbanred\/wp-json\/wp\/v2\/media?parent=2004"}],"wp:term":[{"taxonomy":"category","embeddable":true,"href":"https:\/\/www.unioviedo.es\/urbanred\/wp-json\/wp\/v2\/categories?post=2004"},{"taxonomy":"post_tag","embeddable":true,"href":"https:\/\/www.unioviedo.es\/urbanred\/wp-json\/wp\/v2\/tags?post=2004"}],"curies":[{"name":"wp","href":"https:\/\/api.w.org\/{rel}","templated":true}]}}