{"id":2131,"date":"2023-11-06T08:24:00","date_gmt":"2023-11-06T07:24:00","guid":{"rendered":"https:\/\/www.unioviedo.es\/urbanred\/?p=2131"},"modified":"2023-11-14T08:39:45","modified_gmt":"2023-11-14T07:39:45","slug":"mecanismos-para-la-ampliacion-del-parque-publico-de-vivienda","status":"publish","type":"post","link":"https:\/\/www.unioviedo.es\/urbanred\/mecanismos-para-la-ampliacion-del-parque-publico-de-vivienda\/","title":{"rendered":"\u201cMecanismos para la ampliaci\u00f3n del parque p\u00fablico de vivienda\u201d"},"content":{"rendered":"\n<div class=\"wp-block-columns is-layout-flex wp-container-core-columns-is-layout-1 wp-block-columns-is-layout-flex\">\n<div class=\"wp-block-column is-layout-flow wp-block-column-is-layout-flow\" style=\"flex-basis:66.66%\">\n<p class=\"has-medium-font-size\">Joan Manuel Trayter Jim\u00e9nez (noviembre de 2023)<\/p>\n\n\n\n<p class=\"has-small-font-size\"><a href=\"https:\/\/revista-hsj-historia.unavarra.es\/rdu\/issue\/view\/549\"><em>Revista de Derecho Urban\u00edstico y Medio Ambiente<\/em><\/a> 57.363 (2023): 189-190.<\/p>\n\n\n\n<p class=\"has-normal-font-size\">El art\u00edculo 47 de la Constituci\u00f3n se\u00f1ala la obligaci\u00f3n que tienen los poderes p\u00fablicos de garantizar el derecho a una vivienda digna y adecuada. La Administraci\u00f3n, en especial las Comunidades Aut\u00f3nomas (pues ostentan la competencia exclusiva en materia de vivienda), deben promover las condiciones necesarias para garantizar este derecho. Sin embargo, durante a\u00f1os, la pol\u00edtica de vivienda p\u00fablica ha sido pr\u00e1cticamente inexistente. Esta falta de actuaci\u00f3n por parte de las instituciones, acompa\u00f1ada de la escasa inversi\u00f3n econ\u00f3mica en este sector y de un marco jur\u00eddico deficiente han propiciado la situaci\u00f3n actual, en la que la Administraci\u00f3n P\u00fablica necesita urgentemente incrementar el parque p\u00fablico de vivienda para cubrir la demanda por parte de la poblaci\u00f3n, cada vez m\u00e1s elevada.<\/p>\n<\/div>\n\n\n\n<div class=\"wp-block-column is-layout-flow wp-block-column-is-layout-flow\" style=\"flex-basis:33.33%\">\n<figure class=\"wp-block-image size-large\"><a href=\"https:\/\/revista-hsj-historia.unavarra.es\/rdu\/issue\/view\/549\" target=\"_blank\" rel=\"noopener\"><img decoding=\"async\" src=\"https:\/\/revista-hsj-historia.unavarra.es\/public\/journals\/24\/cover_issue_549_es_ES.jpg\" alt=\"\"\/><\/a><\/figure>\n<\/div>\n<\/div>\n\n\n\n<p><\/p>\n","protected":false},"excerpt":{"rendered":"<p>Joan Manuel Trayter Jim\u00e9nez (noviembre de 2023) Revista de Derecho Urban\u00edstico y Medio Ambiente 57.363 (2023): 189-190. El art\u00edculo 47 de la Constituci\u00f3n se\u00f1ala la obligaci\u00f3n que tienen los poderes p\u00fablicos de garantizar el derecho a una vivienda digna y adecuada. La Administraci\u00f3n, en especial las Comunidades Aut\u00f3nomas (pues ostentan la competencia exclusiva en materia &hellip; <\/p>\n<p class=\"link-more\"><a href=\"https:\/\/www.unioviedo.es\/urbanred\/mecanismos-para-la-ampliacion-del-parque-publico-de-vivienda\/\" class=\"more-link\">Continuar leyendo<span class=\"screen-reader-text\"> \u00ab\u201cMecanismos para la ampliaci\u00f3n del parque p\u00fablico de vivienda\u201d\u00bb<\/span><\/a><\/p>\n","protected":false},"author":1,"featured_media":829,"comment_status":"closed","ping_status":"closed","sticky":false,"template":"","format":"standard","meta":{"footnotes":""},"categories":[195,13,16],"tags":[],"class_list":["post-2131","post","type-post","status-publish","format-standard","has-post-thumbnail","hentry","category-b11publicaciones","category-observatorio","category-publicaciones"],"_links":{"self":[{"href":"https:\/\/www.unioviedo.es\/urbanred\/wp-json\/wp\/v2\/posts\/2131","targetHints":{"allow":["GET"]}}],"collection":[{"href":"https:\/\/www.unioviedo.es\/urbanred\/wp-json\/wp\/v2\/posts"}],"about":[{"href":"https:\/\/www.unioviedo.es\/urbanred\/wp-json\/wp\/v2\/types\/post"}],"author":[{"embeddable":true,"href":"https:\/\/www.unioviedo.es\/urbanred\/wp-json\/wp\/v2\/users\/1"}],"replies":[{"embeddable":true,"href":"https:\/\/www.unioviedo.es\/urbanred\/wp-json\/wp\/v2\/comments?post=2131"}],"version-history":[{"count":2,"href":"https:\/\/www.unioviedo.es\/urbanred\/wp-json\/wp\/v2\/posts\/2131\/revisions"}],"predecessor-version":[{"id":2136,"href":"https:\/\/www.unioviedo.es\/urbanred\/wp-json\/wp\/v2\/posts\/2131\/revisions\/2136"}],"wp:featuredmedia":[{"embeddable":true,"href":"https:\/\/www.unioviedo.es\/urbanred\/wp-json\/wp\/v2\/media\/829"}],"wp:attachment":[{"href":"https:\/\/www.unioviedo.es\/urbanred\/wp-json\/wp\/v2\/media?parent=2131"}],"wp:term":[{"taxonomy":"category","embeddable":true,"href":"https:\/\/www.unioviedo.es\/urbanred\/wp-json\/wp\/v2\/categories?post=2131"},{"taxonomy":"post_tag","embeddable":true,"href":"https:\/\/www.unioviedo.es\/urbanred\/wp-json\/wp\/v2\/tags?post=2131"}],"curies":[{"name":"wp","href":"https:\/\/api.w.org\/{rel}","templated":true}]}}