{"id":2146,"date":"2023-09-20T09:04:31","date_gmt":"2023-09-20T07:04:31","guid":{"rendered":"https:\/\/www.unioviedo.es\/urbanred\/?p=2146"},"modified":"2023-11-14T09:10:41","modified_gmt":"2023-11-14T08:10:41","slug":"el-derecho-a-la-vivienda-de-las-personas-mayores-la-desarticulacion-del-territorio-entre-el-ambito-rural-y-las-grandes-urbes","status":"publish","type":"post","link":"https:\/\/www.unioviedo.es\/urbanred\/el-derecho-a-la-vivienda-de-las-personas-mayores-la-desarticulacion-del-territorio-entre-el-ambito-rural-y-las-grandes-urbes\/","title":{"rendered":"\u201cEl derecho a la vivienda de las personas mayores. La desarticulaci\u00f3n del territorio entre el \u00e1mbito rural y las grandes urbes\u201d"},"content":{"rendered":"\n<div class=\"wp-block-columns is-layout-flex wp-container-core-columns-is-layout-1 wp-block-columns-is-layout-flex\">\n<div class=\"wp-block-column is-layout-flow wp-block-column-is-layout-flow\" style=\"flex-basis:66.66%\">\n<p class=\"has-medium-font-size\">Juan Antonio Chinchilla Peinado y M\u00f3nica Dom\u00ednguez Mart\u00edn. (agosto de 2023)<\/p>\n\n\n\n<p class=\"has-small-font-size\"><a href=\"https:\/\/www.publicacionesonlinefdgl.es\/index.php\/CuadernosDerechoLocal\/article\/view\/878\" target=\"_blank\" rel=\"noreferrer noopener\"><em>Cuadernos de Derecho Local<\/em><\/a> (2023).<\/p>\n\n\n\n<p class=\"has-normal-font-size\">El trabajo aborda una reflexi\u00f3n sobre algunos de los factores m\u00e1s relevantes para definir el dise\u00f1o presente y de futuro inmediato de las pol\u00edticas p\u00fablicas que afectan a los mayores, en un contexto de destacada incertidumbre y de conflictividad intergeneracional. El ODS 11 requiere, entre otras metas, asegurar el acceso de todas las personas a viviendas y servicios b\u00e1sicos adecuados, seguros y asequibles, y mejorar los barrios marginales, en el \u00e1mbito de una urbanizaci\u00f3n inclusiva. Ello resulta especialmente necesario respecto de las personas mayores.<\/p>\n<\/div>\n\n\n\n<div class=\"wp-block-column is-layout-flow wp-block-column-is-layout-flow\" style=\"flex-basis:33.33%\">\n<figure class=\"wp-block-image size-large\"><img decoding=\"async\" src=\"https:\/\/www.publicacionesonlinefdgl.es\/public\/journals\/1\/cover_issue_57_es_ES.jpg\" alt=\"\"\/><\/figure>\n<\/div>\n<\/div>\n\n\n\n<p><a href=\"https:\/\/www.publicacionesonlinefdgl.es\/index.php\/CuadernosDerechoLocal\/article\/view\/878\/1013\" target=\"_blank\" rel=\"noreferrer noopener\">Texto completo (PDF)<\/a><\/p>\n","protected":false},"excerpt":{"rendered":"<p>Juan Antonio Chinchilla Peinado y M\u00f3nica Dom\u00ednguez Mart\u00edn. (agosto de 2023) Cuadernos de Derecho Local (2023). El trabajo aborda una reflexi\u00f3n sobre algunos de los factores m\u00e1s relevantes para definir el dise\u00f1o presente y de futuro inmediato de las pol\u00edticas p\u00fablicas que afectan a los mayores, en un contexto de destacada incertidumbre y de conflictividad &hellip; <\/p>\n<p class=\"link-more\"><a href=\"https:\/\/www.unioviedo.es\/urbanred\/el-derecho-a-la-vivienda-de-las-personas-mayores-la-desarticulacion-del-territorio-entre-el-ambito-rural-y-las-grandes-urbes\/\" class=\"more-link\">Continuar leyendo<span class=\"screen-reader-text\"> \u00ab\u201cEl derecho a la vivienda de las personas mayores. La desarticulaci\u00f3n del territorio entre el \u00e1mbito rural y las grandes urbes\u201d\u00bb<\/span><\/a><\/p>\n","protected":false},"author":1,"featured_media":829,"comment_status":"closed","ping_status":"closed","sticky":false,"template":"","format":"standard","meta":{"footnotes":""},"categories":[195,13,16],"tags":[],"class_list":["post-2146","post","type-post","status-publish","format-standard","has-post-thumbnail","hentry","category-b11publicaciones","category-observatorio","category-publicaciones"],"_links":{"self":[{"href":"https:\/\/www.unioviedo.es\/urbanred\/wp-json\/wp\/v2\/posts\/2146","targetHints":{"allow":["GET"]}}],"collection":[{"href":"https:\/\/www.unioviedo.es\/urbanred\/wp-json\/wp\/v2\/posts"}],"about":[{"href":"https:\/\/www.unioviedo.es\/urbanred\/wp-json\/wp\/v2\/types\/post"}],"author":[{"embeddable":true,"href":"https:\/\/www.unioviedo.es\/urbanred\/wp-json\/wp\/v2\/users\/1"}],"replies":[{"embeddable":true,"href":"https:\/\/www.unioviedo.es\/urbanred\/wp-json\/wp\/v2\/comments?post=2146"}],"version-history":[{"count":3,"href":"https:\/\/www.unioviedo.es\/urbanred\/wp-json\/wp\/v2\/posts\/2146\/revisions"}],"predecessor-version":[{"id":2150,"href":"https:\/\/www.unioviedo.es\/urbanred\/wp-json\/wp\/v2\/posts\/2146\/revisions\/2150"}],"wp:featuredmedia":[{"embeddable":true,"href":"https:\/\/www.unioviedo.es\/urbanred\/wp-json\/wp\/v2\/media\/829"}],"wp:attachment":[{"href":"https:\/\/www.unioviedo.es\/urbanred\/wp-json\/wp\/v2\/media?parent=2146"}],"wp:term":[{"taxonomy":"category","embeddable":true,"href":"https:\/\/www.unioviedo.es\/urbanred\/wp-json\/wp\/v2\/categories?post=2146"},{"taxonomy":"post_tag","embeddable":true,"href":"https:\/\/www.unioviedo.es\/urbanred\/wp-json\/wp\/v2\/tags?post=2146"}],"curies":[{"name":"wp","href":"https:\/\/api.w.org\/{rel}","templated":true}]}}