{"id":2156,"date":"2023-10-30T10:38:00","date_gmt":"2023-10-30T09:38:00","guid":{"rendered":"https:\/\/www.unioviedo.es\/urbanred\/?p=2156"},"modified":"2023-11-14T10:45:59","modified_gmt":"2023-11-14T09:45:59","slug":"comunicacion-politica-en-tiempos-de-conflicto","status":"publish","type":"post","link":"https:\/\/www.unioviedo.es\/urbanred\/comunicacion-politica-en-tiempos-de-conflicto\/","title":{"rendered":"\u201cComunicaci\u00f3n pol\u00edtica en tiempos de conflicto\u201d"},"content":{"rendered":"\n<div class=\"wp-block-columns is-layout-flex wp-container-core-columns-is-layout-1 wp-block-columns-is-layout-flex\">\n<div class=\"wp-block-column is-layout-flow wp-block-column-is-layout-flow\" style=\"flex-basis:66.66%\">\n<p class=\"has-medium-font-size\">Juan Luis Manfredi S\u00e1nchez (octubre de 2023)<\/p>\n\n\n\n<p class=\"has-small-font-size\"><a href=\"https:\/\/www.maspoderlocal.com\/index.php\/mpl\/article\/view\/conflictos-comunicacion-politica-mpl54\"><em>M\u00e1s Poder Local<\/em><\/a> 54 (2023): 126-130.<\/p>\n<\/div>\n<\/div>\n\n\n\n<p>Esta nota analiza algunos de los principales retos de la comunicaci\u00f3n pol\u00edtica en una sociedad internacional atravesada por multitud de conflictos. Desde el cambio de importantes valores pol\u00edticos hasta el auge de la desinformaci\u00f3n pasando por los des\u00f3rdenes clim\u00e1ticos, la alteraci\u00f3n de los procesos de gobernanza o el miedo ante el avance tecnol\u00f3gico. En un tiempo de hiperl\u00edderes empoderados en las redes sociales, se hace imprescindible apostar por la legitimaci\u00f3n continua de las instituciones, el impulso de la confianza social y la recuperaci\u00f3n de la industria period\u00edstica.<\/p>\n","protected":false},"excerpt":{"rendered":"<p>Juan Luis Manfredi S\u00e1nchez (octubre de 2023) M\u00e1s Poder Local 54 (2023): 126-130. Esta nota analiza algunos de los principales retos de la comunicaci\u00f3n pol\u00edtica en una sociedad internacional atravesada por multitud de conflictos. Desde el cambio de importantes valores pol\u00edticos hasta el auge de la desinformaci\u00f3n pasando por los des\u00f3rdenes clim\u00e1ticos, la alteraci\u00f3n de &hellip; <\/p>\n<p class=\"link-more\"><a href=\"https:\/\/www.unioviedo.es\/urbanred\/comunicacion-politica-en-tiempos-de-conflicto\/\" class=\"more-link\">Continuar leyendo<span class=\"screen-reader-text\"> \u00ab\u201cComunicaci\u00f3n pol\u00edtica en tiempos de conflicto\u201d\u00bb<\/span><\/a><\/p>\n","protected":false},"author":1,"featured_media":829,"comment_status":"closed","ping_status":"closed","sticky":false,"template":"","format":"standard","meta":{"footnotes":""},"categories":[195,13,16],"tags":[],"class_list":["post-2156","post","type-post","status-publish","format-standard","has-post-thumbnail","hentry","category-b11publicaciones","category-observatorio","category-publicaciones"],"_links":{"self":[{"href":"https:\/\/www.unioviedo.es\/urbanred\/wp-json\/wp\/v2\/posts\/2156","targetHints":{"allow":["GET"]}}],"collection":[{"href":"https:\/\/www.unioviedo.es\/urbanred\/wp-json\/wp\/v2\/posts"}],"about":[{"href":"https:\/\/www.unioviedo.es\/urbanred\/wp-json\/wp\/v2\/types\/post"}],"author":[{"embeddable":true,"href":"https:\/\/www.unioviedo.es\/urbanred\/wp-json\/wp\/v2\/users\/1"}],"replies":[{"embeddable":true,"href":"https:\/\/www.unioviedo.es\/urbanred\/wp-json\/wp\/v2\/comments?post=2156"}],"version-history":[{"count":1,"href":"https:\/\/www.unioviedo.es\/urbanred\/wp-json\/wp\/v2\/posts\/2156\/revisions"}],"predecessor-version":[{"id":2157,"href":"https:\/\/www.unioviedo.es\/urbanred\/wp-json\/wp\/v2\/posts\/2156\/revisions\/2157"}],"wp:featuredmedia":[{"embeddable":true,"href":"https:\/\/www.unioviedo.es\/urbanred\/wp-json\/wp\/v2\/media\/829"}],"wp:attachment":[{"href":"https:\/\/www.unioviedo.es\/urbanred\/wp-json\/wp\/v2\/media?parent=2156"}],"wp:term":[{"taxonomy":"category","embeddable":true,"href":"https:\/\/www.unioviedo.es\/urbanred\/wp-json\/wp\/v2\/categories?post=2156"},{"taxonomy":"post_tag","embeddable":true,"href":"https:\/\/www.unioviedo.es\/urbanred\/wp-json\/wp\/v2\/tags?post=2156"}],"curies":[{"name":"wp","href":"https:\/\/api.w.org\/{rel}","templated":true}]}}