{"id":2221,"date":"2024-01-30T13:23:55","date_gmt":"2024-01-30T12:23:55","guid":{"rendered":"https:\/\/www.unioviedo.es\/urbanred\/?p=2221"},"modified":"2024-01-30T13:23:55","modified_gmt":"2024-01-30T12:23:55","slug":"podcast-unidad-y-diversidad-la-cuestion-territorial-en-espana","status":"publish","type":"post","link":"https:\/\/www.unioviedo.es\/urbanred\/podcast-unidad-y-diversidad-la-cuestion-territorial-en-espana\/","title":{"rendered":"Podcast: Unidad y diversidad, la cuesti\u00f3n territorial en Espa\u00f1a"},"content":{"rendered":"\n<p>La conciliaci\u00f3n entre los conceptos de unidad y diversidad est\u00e1 detr\u00e1s del encaje jur\u00eddico que contempla la Constituci\u00f3n Espa\u00f1ola de 1978 para un viejo problema: la definici\u00f3n de la identidad espa\u00f1ola. La profesora Susana Galera nos explica las ra\u00edces del problema y c\u00f3mo se pretendi\u00f3 solucionar.<\/p>\n\n\n\n<p><a href=\"https:\/\/burjcdigital.urjc.es\/handle\/10115\/24789\" target=\"_blank\" rel=\"noreferrer noopener\">M\u00e1s informaci\u00f3n<\/a><\/p>\n\n\n\n<p><a href=\"https:\/\/burjcdigital.urjc.es\/bitstream\/handle\/10115\/24789\/023%20cuestion%20territorial.m4a?sequence=1&amp;isAllowed=y\" target=\"_blank\" rel=\"noreferrer noopener\">Descargar podcast<\/a><\/p>\n","protected":false},"excerpt":{"rendered":"<p>La conciliaci\u00f3n entre los conceptos de unidad y diversidad est\u00e1 detr\u00e1s del encaje jur\u00eddico que contempla la Constituci\u00f3n Espa\u00f1ola de 1978 para un viejo problema: la definici\u00f3n de la identidad espa\u00f1ola. La profesora Susana Galera nos explica las ra\u00edces del problema y c\u00f3mo se pretendi\u00f3 solucionar. M\u00e1s informaci\u00f3n Descargar podcast<\/p>\n","protected":false},"author":1,"featured_media":828,"comment_status":"closed","ping_status":"closed","sticky":false,"template":"","format":"standard","meta":{"footnotes":""},"categories":[203,13,25],"tags":[],"class_list":["post-2221","post","type-post","status-publish","format-standard","has-post-thumbnail","hentry","category-b12otros","category-observatorio","category-otros"],"_links":{"self":[{"href":"https:\/\/www.unioviedo.es\/urbanred\/wp-json\/wp\/v2\/posts\/2221","targetHints":{"allow":["GET"]}}],"collection":[{"href":"https:\/\/www.unioviedo.es\/urbanred\/wp-json\/wp\/v2\/posts"}],"about":[{"href":"https:\/\/www.unioviedo.es\/urbanred\/wp-json\/wp\/v2\/types\/post"}],"author":[{"embeddable":true,"href":"https:\/\/www.unioviedo.es\/urbanred\/wp-json\/wp\/v2\/users\/1"}],"replies":[{"embeddable":true,"href":"https:\/\/www.unioviedo.es\/urbanred\/wp-json\/wp\/v2\/comments?post=2221"}],"version-history":[{"count":1,"href":"https:\/\/www.unioviedo.es\/urbanred\/wp-json\/wp\/v2\/posts\/2221\/revisions"}],"predecessor-version":[{"id":2222,"href":"https:\/\/www.unioviedo.es\/urbanred\/wp-json\/wp\/v2\/posts\/2221\/revisions\/2222"}],"wp:featuredmedia":[{"embeddable":true,"href":"https:\/\/www.unioviedo.es\/urbanred\/wp-json\/wp\/v2\/media\/828"}],"wp:attachment":[{"href":"https:\/\/www.unioviedo.es\/urbanred\/wp-json\/wp\/v2\/media?parent=2221"}],"wp:term":[{"taxonomy":"category","embeddable":true,"href":"https:\/\/www.unioviedo.es\/urbanred\/wp-json\/wp\/v2\/categories?post=2221"},{"taxonomy":"post_tag","embeddable":true,"href":"https:\/\/www.unioviedo.es\/urbanred\/wp-json\/wp\/v2\/tags?post=2221"}],"curies":[{"name":"wp","href":"https:\/\/api.w.org\/{rel}","templated":true}]}}