{"id":2471,"date":"2024-08-21T18:46:00","date_gmt":"2024-08-21T16:46:00","guid":{"rendered":"https:\/\/www.unioviedo.es\/urbanred\/?p=2471"},"modified":"2024-10-06T18:51:39","modified_gmt":"2024-10-06T16:51:39","slug":"el-desafio-del-cambio-climatico-ante-el-tribunal-europeo-de-derechos-humanos","status":"publish","type":"post","link":"https:\/\/www.unioviedo.es\/urbanred\/el-desafio-del-cambio-climatico-ante-el-tribunal-europeo-de-derechos-humanos\/","title":{"rendered":"\u201cEl desaf\u00edo del cambio clim\u00e1tico ante el Tribunal Europeo de Derechos Humanos\u201d"},"content":{"rendered":"\n<p style=\"font-size:20px\">Bouazza Ari\u00f1o, O. (2024)<\/p>\n\n\n\n<p><em>Revista de Administraci\u00f3n P\u00fablica<\/em>, 224, p\u00e1gs. 155-192.<\/p>\n\n\n\n<div class=\"wp-block-columns is-layout-flex wp-container-core-columns-is-layout-1 wp-block-columns-is-layout-flex\">\n<div class=\"wp-block-column is-layout-flow wp-block-column-is-layout-flow\" style=\"flex-basis:66.66%\">\n<p>El objeto de este trabajo consiste en el an\u00e1lisis de la sentencia Verein Klimaseniorinnen Schweiz (Asociaci\u00f3n clim\u00e1tica de personas mayores de Suiza) y Otros. Suiza, de 9 de abril de 2024, en la que el Tribunal Europeo de Derechos Humanos, realizando una interpretaci\u00f3n del Convenio Europeo de Derechos Humanos de conformidad con la normativa internacional sobre cambio clim\u00e1tico, reconoce el derecho a la protecci\u00f3n efectiva frente a los efectos adversos graves y los riesgos en la vida, bienestar y calidad de vida causados por este fen\u00f3meno. Este derecho se concreta en la exigencia al Estado del cumplimiento de los objetivos clim\u00e1ticos previstos en el Acuerdo de Par\u00eds, como el de la neutralidad de carbono, es decir, la reducci\u00f3n de las emisiones contaminantes a 0 para 2050. Para ello, comprobar\u00e1 si el Estado ha adoptado medidas normativas concretas y progresivas de reducci\u00f3n de las emisiones y estas se aplican, lo que supone un reparto de la carga entre las generaciones presentes y futuras.<\/p>\n\n\n\n<p><a href=\"https:\/\/docta.ucm.es\/bitstreams\/c33e766a-435f-45b7-b349-442bb5f31df7\/download\">Texto completo (PDF)<\/a><\/p>\n\n\n\n<p><a href=\"https:\/\/docta.ucm.es\/entities\/publication\/4eb3a8eb-894e-4f83-b95e-a6e95d867d87\">M\u00e1s informaci\u00f3n<\/a><\/p>\n<\/div>\n\n\n\n<div class=\"wp-block-column is-layout-flow wp-block-column-is-layout-flow\" style=\"flex-basis:33.33%\">\n<figure class=\"wp-block-image size-large\"><a href=\"https:\/\/docta.ucm.es\/entities\/publication\/4eb3a8eb-894e-4f83-b95e-a6e95d867d87\" target=\"_blank\" rel=\"noreferrer noopener\"><img decoding=\"async\" src=\"https:\/\/recyt.fecyt.es\/public\/journals\/153\/cover_issue_4637_es_ES.jpg\" alt=\"\"\/><\/a><\/figure>\n<\/div>\n<\/div>\n","protected":false},"excerpt":{"rendered":"<p>Bouazza Ari\u00f1o, O. (2024) Revista de Administraci\u00f3n P\u00fablica, 224, p\u00e1gs. 155-192. El objeto de este trabajo consiste en el an\u00e1lisis de la sentencia Verein Klimaseniorinnen Schweiz (Asociaci\u00f3n clim\u00e1tica de personas mayores de Suiza) y Otros. Suiza, de 9 de abril de 2024, en la que el Tribunal Europeo de Derechos Humanos, realizando una interpretaci\u00f3n del &hellip; <\/p>\n<p class=\"link-more\"><a href=\"https:\/\/www.unioviedo.es\/urbanred\/el-desafio-del-cambio-climatico-ante-el-tribunal-europeo-de-derechos-humanos\/\" class=\"more-link\">Continuar leyendo<span class=\"screen-reader-text\"> \u00ab\u201cEl desaf\u00edo del cambio clim\u00e1tico ante el Tribunal Europeo de Derechos Humanos\u201d\u00bb<\/span><\/a><\/p>\n","protected":false},"author":1,"featured_media":829,"comment_status":"closed","ping_status":"closed","sticky":false,"template":"","format":"standard","meta":{"footnotes":""},"categories":[218,13,16],"tags":[],"class_list":["post-2471","post","type-post","status-publish","format-standard","has-post-thumbnail","hentry","category-b14publicaciones","category-observatorio","category-publicaciones"],"_links":{"self":[{"href":"https:\/\/www.unioviedo.es\/urbanred\/wp-json\/wp\/v2\/posts\/2471","targetHints":{"allow":["GET"]}}],"collection":[{"href":"https:\/\/www.unioviedo.es\/urbanred\/wp-json\/wp\/v2\/posts"}],"about":[{"href":"https:\/\/www.unioviedo.es\/urbanred\/wp-json\/wp\/v2\/types\/post"}],"author":[{"embeddable":true,"href":"https:\/\/www.unioviedo.es\/urbanred\/wp-json\/wp\/v2\/users\/1"}],"replies":[{"embeddable":true,"href":"https:\/\/www.unioviedo.es\/urbanred\/wp-json\/wp\/v2\/comments?post=2471"}],"version-history":[{"count":1,"href":"https:\/\/www.unioviedo.es\/urbanred\/wp-json\/wp\/v2\/posts\/2471\/revisions"}],"predecessor-version":[{"id":2472,"href":"https:\/\/www.unioviedo.es\/urbanred\/wp-json\/wp\/v2\/posts\/2471\/revisions\/2472"}],"wp:featuredmedia":[{"embeddable":true,"href":"https:\/\/www.unioviedo.es\/urbanred\/wp-json\/wp\/v2\/media\/829"}],"wp:attachment":[{"href":"https:\/\/www.unioviedo.es\/urbanred\/wp-json\/wp\/v2\/media?parent=2471"}],"wp:term":[{"taxonomy":"category","embeddable":true,"href":"https:\/\/www.unioviedo.es\/urbanred\/wp-json\/wp\/v2\/categories?post=2471"},{"taxonomy":"post_tag","embeddable":true,"href":"https:\/\/www.unioviedo.es\/urbanred\/wp-json\/wp\/v2\/tags?post=2471"}],"curies":[{"name":"wp","href":"https:\/\/api.w.org\/{rel}","templated":true}]}}