{"id":2527,"date":"2025-05-06T18:26:29","date_gmt":"2025-05-06T16:26:29","guid":{"rendered":"https:\/\/www.unioviedo.es\/urbanred\/?p=2527"},"modified":"2025-05-06T20:17:03","modified_gmt":"2025-05-06T18:17:03","slug":"jornadas-2","status":"publish","type":"post","link":"https:\/\/www.unioviedo.es\/urbanred\/jornadas-2\/","title":{"rendered":"Jornada"},"content":{"rendered":"\n<p class=\"has-vivid-cyan-blue-color has-text-color has-link-color wp-elements-6a7565815cb0a99d8bc42e1fd740f887\" style=\"font-size:26px\"><strong>El paradigma regulatorio de las transformaciones urbanas: m\u00e1s all\u00e1 de la sostenibilidad<\/strong><\/p>\n\n\n\n<p>El pr\u00f3ximo 19 de junio se celebrar\u00e1 en el Centro de Servicios Universitarios de Avil\u00e9s (Universidad de Oviedo) la jornada \u00abEl paradigma regulatorio de las transformaciones urbanas: m\u00e1s all\u00e1 de la sostenibilidad\u00bb.<\/p>\n\n\n\n<p><a href=\"https:\/\/forms.cloud.microsoft\/pages\/responsepage.aspx?id=o3TqBcWSMUyXipJcPHmc0ETuMPm3D7JLmJAP_rl8gmBUNkZMTkZLOUtYUDZOTDVFMEwxVzdDMEJHNC4u&amp;route=shorturl\" target=\"_blank\" rel=\"noreferrer noopener\">Inscripci\u00f3n<\/a><\/p>\n\n\n\n<figure class=\"wp-block-image size-large\"><img loading=\"lazy\" decoding=\"async\" width=\"724\" height=\"1024\" src=\"https:\/\/www.unioviedo.es\/urbanred\/wp-content\/uploads\/2025\/05\/ProgramaJornada2025-724x1024.png\" alt=\"\" class=\"wp-image-2536\" srcset=\"https:\/\/www.unioviedo.es\/urbanred\/wp-content\/uploads\/2025\/05\/ProgramaJornada2025-724x1024.png 724w, https:\/\/www.unioviedo.es\/urbanred\/wp-content\/uploads\/2025\/05\/ProgramaJornada2025-212x300.png 212w, https:\/\/www.unioviedo.es\/urbanred\/wp-content\/uploads\/2025\/05\/ProgramaJornada2025-768x1086.png 768w, https:\/\/www.unioviedo.es\/urbanred\/wp-content\/uploads\/2025\/05\/ProgramaJornada2025-1086x1536.png 1086w, https:\/\/www.unioviedo.es\/urbanred\/wp-content\/uploads\/2025\/05\/ProgramaJornada2025.png 1414w\" sizes=\"auto, (max-width: 724px) 100vw, 724px\" \/><\/figure>\n","protected":false},"excerpt":{"rendered":"<p>El paradigma regulatorio de las transformaciones urbanas: m\u00e1s all\u00e1 de la sostenibilidad El pr\u00f3ximo 19 de junio se celebrar\u00e1 en el Centro de Servicios Universitarios de Avil\u00e9s (Universidad de Oviedo) la jornada \u00abEl paradigma regulatorio de las transformaciones urbanas: m\u00e1s all\u00e1 de la sostenibilidad\u00bb. Inscripci\u00f3n<\/p>\n","protected":false},"author":1,"featured_media":826,"comment_status":"closed","ping_status":"closed","sticky":false,"template":"","format":"standard","meta":{"footnotes":""},"categories":[21,20,13],"tags":[],"class_list":["post-2527","post","type-post","status-publish","format-standard","has-post-thumbnail","hentry","category-boletin","category-eventos","category-observatorio"],"_links":{"self":[{"href":"https:\/\/www.unioviedo.es\/urbanred\/wp-json\/wp\/v2\/posts\/2527","targetHints":{"allow":["GET"]}}],"collection":[{"href":"https:\/\/www.unioviedo.es\/urbanred\/wp-json\/wp\/v2\/posts"}],"about":[{"href":"https:\/\/www.unioviedo.es\/urbanred\/wp-json\/wp\/v2\/types\/post"}],"author":[{"embeddable":true,"href":"https:\/\/www.unioviedo.es\/urbanred\/wp-json\/wp\/v2\/users\/1"}],"replies":[{"embeddable":true,"href":"https:\/\/www.unioviedo.es\/urbanred\/wp-json\/wp\/v2\/comments?post=2527"}],"version-history":[{"count":5,"href":"https:\/\/www.unioviedo.es\/urbanred\/wp-json\/wp\/v2\/posts\/2527\/revisions"}],"predecessor-version":[{"id":2537,"href":"https:\/\/www.unioviedo.es\/urbanred\/wp-json\/wp\/v2\/posts\/2527\/revisions\/2537"}],"wp:featuredmedia":[{"embeddable":true,"href":"https:\/\/www.unioviedo.es\/urbanred\/wp-json\/wp\/v2\/media\/826"}],"wp:attachment":[{"href":"https:\/\/www.unioviedo.es\/urbanred\/wp-json\/wp\/v2\/media?parent=2527"}],"wp:term":[{"taxonomy":"category","embeddable":true,"href":"https:\/\/www.unioviedo.es\/urbanred\/wp-json\/wp\/v2\/categories?post=2527"},{"taxonomy":"post_tag","embeddable":true,"href":"https:\/\/www.unioviedo.es\/urbanred\/wp-json\/wp\/v2\/tags?post=2527"}],"curies":[{"name":"wp","href":"https:\/\/api.w.org\/{rel}","templated":true}]}}