{"id":2552,"date":"2025-07-24T12:05:44","date_gmt":"2025-07-24T10:05:44","guid":{"rendered":"https:\/\/www.unioviedo.es\/urbanred\/?p=2552"},"modified":"2025-09-15T17:16:42","modified_gmt":"2025-09-15T15:16:42","slug":"jornada-urbanismo-2","status":"publish","type":"post","link":"https:\/\/www.unioviedo.es\/urbanred\/jornada-urbanismo-2\/","title":{"rendered":"Jornada Urbanismo"},"content":{"rendered":"\n<p class=\"has-vivid-cyan-blue-color has-text-color has-link-color wp-elements-6a7565815cb0a99d8bc42e1fd740f887\" style=\"font-size:26px\"><strong>El paradigma regulatorio de las transformaciones urbanas: m\u00e1s all\u00e1 de la sostenibilidad<\/strong><\/p>\n\n\n\n<p>Disponibles los videos de la jornada: <\/p>\n\n\n\n<p><a href=\"https:\/\/www.youtube.com\/watch?v=6-wmTZlXces\" target=\"_blank\" rel=\"noreferrer noopener\">Sesi\u00f3n de la ma\u00f1ana<\/a><\/p>\n\n\n\n<figure class=\"wp-block-embed is-type-video is-provider-youtube wp-block-embed-youtube wp-embed-aspect-16-9 wp-has-aspect-ratio\"><div class=\"wp-block-embed__wrapper\">\n<iframe loading=\"lazy\" title=\"El paradigma regulatorio de las transformaciones urbanas: m\u00e1s all\u00e1 de la sostenibilidad - ma\u00f1ana\" width=\"525\" height=\"295\" src=\"https:\/\/www.youtube.com\/embed\/6-wmTZlXces?feature=oembed\" frameborder=\"0\" allow=\"accelerometer; autoplay; clipboard-write; encrypted-media; gyroscope; picture-in-picture; web-share\" referrerpolicy=\"strict-origin-when-cross-origin\" allowfullscreen><\/iframe>\n<\/div><\/figure>\n\n\n\n<p><a href=\"https:\/\/www.youtube.com\/watch?v=VSBXi3ZLR2g\" target=\"_blank\" rel=\"noreferrer noopener\">Sesi\u00f3n de la tarde<\/a><\/p>\n\n\n\n<figure class=\"wp-block-embed is-type-video is-provider-youtube wp-block-embed-youtube wp-embed-aspect-16-9 wp-has-aspect-ratio\"><div class=\"wp-block-embed__wrapper\">\n<iframe loading=\"lazy\" title=\"El paradigma regulatorio de las transformaciones urbanas: m\u00e1s all\u00e1 de la sostenibilidad - tarde\" width=\"525\" height=\"295\" src=\"https:\/\/www.youtube.com\/embed\/VSBXi3ZLR2g?feature=oembed\" frameborder=\"0\" allow=\"accelerometer; autoplay; clipboard-write; encrypted-media; gyroscope; picture-in-picture; web-share\" referrerpolicy=\"strict-origin-when-cross-origin\" allowfullscreen><\/iframe>\n<\/div><\/figure>\n\n\n\n<figure class=\"wp-block-image size-large\"><img loading=\"lazy\" decoding=\"async\" width=\"724\" height=\"1024\" src=\"https:\/\/www.unioviedo.es\/urbanred\/wp-content\/uploads\/2025\/05\/ProgramaJornada2025-724x1024.png\" alt=\"\" class=\"wp-image-2536\" srcset=\"https:\/\/www.unioviedo.es\/urbanred\/wp-content\/uploads\/2025\/05\/ProgramaJornada2025-724x1024.png 724w, https:\/\/www.unioviedo.es\/urbanred\/wp-content\/uploads\/2025\/05\/ProgramaJornada2025-212x300.png 212w, https:\/\/www.unioviedo.es\/urbanred\/wp-content\/uploads\/2025\/05\/ProgramaJornada2025-768x1086.png 768w, https:\/\/www.unioviedo.es\/urbanred\/wp-content\/uploads\/2025\/05\/ProgramaJornada2025-1086x1536.png 1086w, https:\/\/www.unioviedo.es\/urbanred\/wp-content\/uploads\/2025\/05\/ProgramaJornada2025.png 1414w\" sizes=\"auto, (max-width: 724px) 100vw, 724px\" \/><\/figure>\n","protected":false},"excerpt":{"rendered":"<p>El paradigma regulatorio de las transformaciones urbanas: m\u00e1s all\u00e1 de la sostenibilidad Disponibles los videos de la jornada: Sesi\u00f3n de la ma\u00f1ana Sesi\u00f3n de la tarde<\/p>\n","protected":false},"author":1,"featured_media":826,"comment_status":"closed","ping_status":"closed","sticky":false,"template":"","format":"standard","meta":{"footnotes":""},"categories":[230,21,13,25],"tags":[],"class_list":["post-2552","post","type-post","status-publish","format-standard","has-post-thumbnail","hentry","category-b15otros","category-boletin","category-observatorio","category-otros"],"_links":{"self":[{"href":"https:\/\/www.unioviedo.es\/urbanred\/wp-json\/wp\/v2\/posts\/2552","targetHints":{"allow":["GET"]}}],"collection":[{"href":"https:\/\/www.unioviedo.es\/urbanred\/wp-json\/wp\/v2\/posts"}],"about":[{"href":"https:\/\/www.unioviedo.es\/urbanred\/wp-json\/wp\/v2\/types\/post"}],"author":[{"embeddable":true,"href":"https:\/\/www.unioviedo.es\/urbanred\/wp-json\/wp\/v2\/users\/1"}],"replies":[{"embeddable":true,"href":"https:\/\/www.unioviedo.es\/urbanred\/wp-json\/wp\/v2\/comments?post=2552"}],"version-history":[{"count":3,"href":"https:\/\/www.unioviedo.es\/urbanred\/wp-json\/wp\/v2\/posts\/2552\/revisions"}],"predecessor-version":[{"id":2557,"href":"https:\/\/www.unioviedo.es\/urbanred\/wp-json\/wp\/v2\/posts\/2552\/revisions\/2557"}],"wp:featuredmedia":[{"embeddable":true,"href":"https:\/\/www.unioviedo.es\/urbanred\/wp-json\/wp\/v2\/media\/826"}],"wp:attachment":[{"href":"https:\/\/www.unioviedo.es\/urbanred\/wp-json\/wp\/v2\/media?parent=2552"}],"wp:term":[{"taxonomy":"category","embeddable":true,"href":"https:\/\/www.unioviedo.es\/urbanred\/wp-json\/wp\/v2\/categories?post=2552"},{"taxonomy":"post_tag","embeddable":true,"href":"https:\/\/www.unioviedo.es\/urbanred\/wp-json\/wp\/v2\/tags?post=2552"}],"curies":[{"name":"wp","href":"https:\/\/api.w.org\/{rel}","templated":true}]}}