{"id":2575,"date":"2025-07-07T18:37:53","date_gmt":"2025-07-07T16:37:53","guid":{"rendered":"https:\/\/www.unioviedo.es\/urbanred\/?p=2575"},"modified":"2025-09-15T18:42:45","modified_gmt":"2025-09-15T16:42:45","slug":"los-desafios-urbanisticos-y-ambientales-en-relacion-con-la-salud-y-la-calidad-de-vida-de-las-personas-que-viven-en-entornos-urbanos","status":"publish","type":"post","link":"https:\/\/www.unioviedo.es\/urbanred\/los-desafios-urbanisticos-y-ambientales-en-relacion-con-la-salud-y-la-calidad-de-vida-de-las-personas-que-viven-en-entornos-urbanos\/","title":{"rendered":"\u201cLos desaf\u00edos urban\u00edsticos y ambientales en relaci\u00f3n con la salud y la calidad de vida de las personas que viven en entornos urbanos\u201d"},"content":{"rendered":"\n<p style=\"font-size:20px\">Mar\u00eda Rosario Alonso Ib\u00e1\u00f1ez (2025)<\/p>\n\n\n\n<div class=\"wp-block-columns is-layout-flex wp-container-core-columns-is-layout-1 wp-block-columns-is-layout-flex\">\n<div class=\"wp-block-column is-layout-flow wp-block-column-is-layout-flow\" style=\"flex-basis:66.66%\">\n<p>En <em>La repercusi\u00f3n de la actividad p\u00fablica urban\u00edstica y ambiental sobre la salud y la calidad de vida<\/em>. Coord. por Mar\u00eda Antonia Arias Mart\u00ednez, Paula Gamallo Carballude; Roberto O. Bustillo Bolado (dir.), p\u00e1gs. 57-78<\/p>\n\n\n\n<p>Editorial Aranzadi<\/p>\n\n\n\n<p>ISBN 978-84-1162-521-0<\/p>\n<\/div>\n\n\n\n<div class=\"wp-block-column is-layout-flow wp-block-column-is-layout-flow\" style=\"flex-basis:33.33%\">\n<figure class=\"wp-block-image size-large\"><img decoding=\"async\" src=\"https:\/\/dialnet.unirioja.es\/recursos\/imagen?entidad=LIBRO&amp;tipo_contenido=74&amp;libro=1003492\" alt=\"\"\/><\/figure>\n<\/div>\n<\/div>\n","protected":false},"excerpt":{"rendered":"<p>Mar\u00eda Rosario Alonso Ib\u00e1\u00f1ez (2025) En La repercusi\u00f3n de la actividad p\u00fablica urban\u00edstica y ambiental sobre la salud y la calidad de vida. Coord. por Mar\u00eda Antonia Arias Mart\u00ednez, Paula Gamallo Carballude; Roberto O. Bustillo Bolado (dir.), p\u00e1gs. 57-78 Editorial Aranzadi ISBN 978-84-1162-521-0<\/p>\n","protected":false},"author":1,"featured_media":829,"comment_status":"closed","ping_status":"closed","sticky":false,"template":"","format":"standard","meta":{"footnotes":""},"categories":[228,21,13,16],"tags":[],"class_list":["post-2575","post","type-post","status-publish","format-standard","has-post-thumbnail","hentry","category-b15publicaciones","category-boletin","category-observatorio","category-publicaciones"],"_links":{"self":[{"href":"https:\/\/www.unioviedo.es\/urbanred\/wp-json\/wp\/v2\/posts\/2575","targetHints":{"allow":["GET"]}}],"collection":[{"href":"https:\/\/www.unioviedo.es\/urbanred\/wp-json\/wp\/v2\/posts"}],"about":[{"href":"https:\/\/www.unioviedo.es\/urbanred\/wp-json\/wp\/v2\/types\/post"}],"author":[{"embeddable":true,"href":"https:\/\/www.unioviedo.es\/urbanred\/wp-json\/wp\/v2\/users\/1"}],"replies":[{"embeddable":true,"href":"https:\/\/www.unioviedo.es\/urbanred\/wp-json\/wp\/v2\/comments?post=2575"}],"version-history":[{"count":1,"href":"https:\/\/www.unioviedo.es\/urbanred\/wp-json\/wp\/v2\/posts\/2575\/revisions"}],"predecessor-version":[{"id":2576,"href":"https:\/\/www.unioviedo.es\/urbanred\/wp-json\/wp\/v2\/posts\/2575\/revisions\/2576"}],"wp:featuredmedia":[{"embeddable":true,"href":"https:\/\/www.unioviedo.es\/urbanred\/wp-json\/wp\/v2\/media\/829"}],"wp:attachment":[{"href":"https:\/\/www.unioviedo.es\/urbanred\/wp-json\/wp\/v2\/media?parent=2575"}],"wp:term":[{"taxonomy":"category","embeddable":true,"href":"https:\/\/www.unioviedo.es\/urbanred\/wp-json\/wp\/v2\/categories?post=2575"},{"taxonomy":"post_tag","embeddable":true,"href":"https:\/\/www.unioviedo.es\/urbanred\/wp-json\/wp\/v2\/tags?post=2575"}],"curies":[{"name":"wp","href":"https:\/\/api.w.org\/{rel}","templated":true}]}}