{"id":2582,"date":"2025-06-30T18:58:22","date_gmt":"2025-06-30T16:58:22","guid":{"rendered":"https:\/\/www.unioviedo.es\/urbanred\/?p=2582"},"modified":"2025-09-15T19:03:04","modified_gmt":"2025-09-15T17:03:04","slug":"el-paisaje-y-la-idea-de-planificacion-integrada","status":"publish","type":"post","link":"https:\/\/www.unioviedo.es\/urbanred\/el-paisaje-y-la-idea-de-planificacion-integrada\/","title":{"rendered":"\u201cEl paisaje y la idea de planificaci\u00f3n integrada\u201d"},"content":{"rendered":"\n<p style=\"font-size:20px\">Omar Bouazza Ari\u00f1o (2025)<\/p>\n\n\n\n<div class=\"wp-block-columns is-layout-flex wp-container-core-columns-is-layout-1 wp-block-columns-is-layout-flex\">\n<div class=\"wp-block-column is-layout-flow wp-block-column-is-layout-flow\" style=\"flex-basis:66.66%\">\n<p><em>Asamblea<\/em>. Revista Parlamentaria De La Asamblea De Madrid, (48), 69\u2013109. <\/p>\n\n\n\n<p>Los Estados que han ratificado el Convenio Europeo del Paisaje se han comprometido a la integraci\u00f3n del paisaje en las pol\u00edticas de ordenaci\u00f3n territorial y urban\u00edstica y en sus pol\u00edticas sectoriales de incidencia territorial. En este trabajo se realiza un estudio de la asimilaci\u00f3n de esta norma en el ordenamiento espa\u00f1ol, estatal y auton\u00f3mico, partiendo de una evoluci\u00f3n hist\u00f3rica. Se comprobar\u00e1 que el modelo predominante, a pesar de las apariencias, sigue siendo el sectorial, acuciado en los \u00faltimos tiempos por la preeminencia del sector de las infraestructuras de energ\u00edas renovables.<\/p>\n<\/div>\n\n\n\n<div class=\"wp-block-column is-layout-flow wp-block-column-is-layout-flow\" style=\"flex-basis:33.33%\">\n<figure class=\"wp-block-image size-large\"><img decoding=\"async\" src=\"https:\/\/revista.asambleamadrid.es\/public\/journals\/1\/cover_issue_57_es_ES.jpg\" alt=\"\"\/><\/figure>\n<\/div>\n<\/div>\n\n\n\n<p><a href=\"https:\/\/docta.ucm.es\/bitstreams\/1f4505f2-612c-43f7-8fdf-f50bacfd16d8\/download\" target=\"_blank\" rel=\"noreferrer noopener\">Texto completo<\/a><\/p>\n\n\n\n<p><\/p>\n","protected":false},"excerpt":{"rendered":"<p>Omar Bouazza Ari\u00f1o (2025) Asamblea. Revista Parlamentaria De La Asamblea De Madrid, (48), 69\u2013109. Los Estados que han ratificado el Convenio Europeo del Paisaje se han comprometido a la integraci\u00f3n del paisaje en las pol\u00edticas de ordenaci\u00f3n territorial y urban\u00edstica y en sus pol\u00edticas sectoriales de incidencia territorial. En este trabajo se realiza un estudio &hellip; <\/p>\n<p class=\"link-more\"><a href=\"https:\/\/www.unioviedo.es\/urbanred\/el-paisaje-y-la-idea-de-planificacion-integrada\/\" class=\"more-link\">Continuar leyendo<span class=\"screen-reader-text\"> \u00ab\u201cEl paisaje y la idea de planificaci\u00f3n integrada\u201d\u00bb<\/span><\/a><\/p>\n","protected":false},"author":1,"featured_media":829,"comment_status":"closed","ping_status":"closed","sticky":false,"template":"","format":"standard","meta":{"footnotes":""},"categories":[228,21,13,16],"tags":[],"class_list":["post-2582","post","type-post","status-publish","format-standard","has-post-thumbnail","hentry","category-b15publicaciones","category-boletin","category-observatorio","category-publicaciones"],"_links":{"self":[{"href":"https:\/\/www.unioviedo.es\/urbanred\/wp-json\/wp\/v2\/posts\/2582","targetHints":{"allow":["GET"]}}],"collection":[{"href":"https:\/\/www.unioviedo.es\/urbanred\/wp-json\/wp\/v2\/posts"}],"about":[{"href":"https:\/\/www.unioviedo.es\/urbanred\/wp-json\/wp\/v2\/types\/post"}],"author":[{"embeddable":true,"href":"https:\/\/www.unioviedo.es\/urbanred\/wp-json\/wp\/v2\/users\/1"}],"replies":[{"embeddable":true,"href":"https:\/\/www.unioviedo.es\/urbanred\/wp-json\/wp\/v2\/comments?post=2582"}],"version-history":[{"count":1,"href":"https:\/\/www.unioviedo.es\/urbanred\/wp-json\/wp\/v2\/posts\/2582\/revisions"}],"predecessor-version":[{"id":2583,"href":"https:\/\/www.unioviedo.es\/urbanred\/wp-json\/wp\/v2\/posts\/2582\/revisions\/2583"}],"wp:featuredmedia":[{"embeddable":true,"href":"https:\/\/www.unioviedo.es\/urbanred\/wp-json\/wp\/v2\/media\/829"}],"wp:attachment":[{"href":"https:\/\/www.unioviedo.es\/urbanred\/wp-json\/wp\/v2\/media?parent=2582"}],"wp:term":[{"taxonomy":"category","embeddable":true,"href":"https:\/\/www.unioviedo.es\/urbanred\/wp-json\/wp\/v2\/categories?post=2582"},{"taxonomy":"post_tag","embeddable":true,"href":"https:\/\/www.unioviedo.es\/urbanred\/wp-json\/wp\/v2\/tags?post=2582"}],"curies":[{"name":"wp","href":"https:\/\/api.w.org\/{rel}","templated":true}]}}