{"id":2591,"date":"2025-09-15T19:24:40","date_gmt":"2025-09-15T17:24:40","guid":{"rendered":"https:\/\/www.unioviedo.es\/urbanred\/?p=2591"},"modified":"2025-09-15T19:28:00","modified_gmt":"2025-09-15T17:28:00","slug":"perspectivas-juridicas-sobre-clima-agua-y-energia-estudios-en-reconocimiento-al-magisterio-del-profesor-antonio-embid-irujo-2","status":"publish","type":"post","link":"https:\/\/www.unioviedo.es\/urbanred\/perspectivas-juridicas-sobre-clima-agua-y-energia-estudios-en-reconocimiento-al-magisterio-del-profesor-antonio-embid-irujo-2\/","title":{"rendered":"El sistema administrativo del clima"},"content":{"rendered":"\n<p style=\"font-size:20px\">Antonio <a href=\"https:\/\/www.dykinson.com\/autores\/fortes-martin-antonio\/23867\/\"><\/a>Fortes Mart\u00edn (2025)<\/p>\n\n\n\n<div class=\"wp-block-columns is-layout-flex wp-container-core-columns-is-layout-1 wp-block-columns-is-layout-flex\">\n<div class=\"wp-block-column is-layout-flow wp-block-column-is-layout-flow\" style=\"flex-basis:66.66%\">\n<p>Editorial Dykinson, 545 pags.<\/p>\n\n\n\n<p>ISBN: 9788410709836<\/p>\n\n\n\n<p><a href=\"https:\/\/e-archivo.uc3m.es\/rest\/api\/core\/bitstreams\/3cfc3c5d-a450-4311-a3a0-68130463f836\/content\" target=\"_blank\" rel=\"noreferrer noopener\">Texto completo<\/a><\/p>\n\n\n\n<p>Los efectos del cambio clim\u00e1tico propician que los fen\u00f3menos meteorol\u00f3gicos extremos resulten cada vez m\u00e1s frecuentes e intensos incrementando su impacto en la sociedad, la econom\u00eda y la calidad de vida de las personas. El clima y su an\u00f3mala variaci\u00f3n permean la acci\u00f3n p\u00fablica como una prioridad de primer orden en la agenda administrativa determinando una suerte de nueva \u201cescala clim\u00e1tica\u201d del Derecho administrativo. Este estudio pretende definir en qu\u00e9 medida el clima impacta en nuestro sistema administrativo tanto desde el punto de vista de sus principales instituciones y fundamentos, como organizativamente y de la acci\u00f3n administrativa.<\/p>\n<\/div>\n\n\n\n<div class=\"wp-block-column is-layout-flow wp-block-column-is-layout-flow\" style=\"flex-basis:33.33%\">\n<figure class=\"wp-block-image size-large\"><a href=\"https:\/\/recyt.fecyt.es\/index.php\/RAP\/article\/view\/117722\" target=\"_blank\" rel=\" noreferrer noopener\"><img decoding=\"async\" src=\"https:\/\/www.dykinson.com\/media\/img\/portadas\/979-13-7006-085-5.jpg\" alt=\"\"\/><\/a><\/figure>\n<\/div>\n<\/div>\n\n\n\n<p><\/p>\n\n\n\n<p><\/p>\n","protected":false},"excerpt":{"rendered":"<p>Antonio Fortes Mart\u00edn (2025) Editorial Dykinson, 545 pags. ISBN: 9788410709836 Texto completo Los efectos del cambio clim\u00e1tico propician que los fen\u00f3menos meteorol\u00f3gicos extremos resulten cada vez m\u00e1s frecuentes e intensos incrementando su impacto en la sociedad, la econom\u00eda y la calidad de vida de las personas. El clima y su an\u00f3mala variaci\u00f3n permean la acci\u00f3n &hellip; <\/p>\n<p class=\"link-more\"><a href=\"https:\/\/www.unioviedo.es\/urbanred\/perspectivas-juridicas-sobre-clima-agua-y-energia-estudios-en-reconocimiento-al-magisterio-del-profesor-antonio-embid-irujo-2\/\" class=\"more-link\">Continuar leyendo<span class=\"screen-reader-text\"> \u00abEl sistema administrativo del clima\u00bb<\/span><\/a><\/p>\n","protected":false},"author":1,"featured_media":829,"comment_status":"closed","ping_status":"closed","sticky":false,"template":"","format":"standard","meta":{"footnotes":""},"categories":[228,21,13,16],"tags":[],"class_list":["post-2591","post","type-post","status-publish","format-standard","has-post-thumbnail","hentry","category-b15publicaciones","category-boletin","category-observatorio","category-publicaciones"],"_links":{"self":[{"href":"https:\/\/www.unioviedo.es\/urbanred\/wp-json\/wp\/v2\/posts\/2591","targetHints":{"allow":["GET"]}}],"collection":[{"href":"https:\/\/www.unioviedo.es\/urbanred\/wp-json\/wp\/v2\/posts"}],"about":[{"href":"https:\/\/www.unioviedo.es\/urbanred\/wp-json\/wp\/v2\/types\/post"}],"author":[{"embeddable":true,"href":"https:\/\/www.unioviedo.es\/urbanred\/wp-json\/wp\/v2\/users\/1"}],"replies":[{"embeddable":true,"href":"https:\/\/www.unioviedo.es\/urbanred\/wp-json\/wp\/v2\/comments?post=2591"}],"version-history":[{"count":2,"href":"https:\/\/www.unioviedo.es\/urbanred\/wp-json\/wp\/v2\/posts\/2591\/revisions"}],"predecessor-version":[{"id":2594,"href":"https:\/\/www.unioviedo.es\/urbanred\/wp-json\/wp\/v2\/posts\/2591\/revisions\/2594"}],"wp:featuredmedia":[{"embeddable":true,"href":"https:\/\/www.unioviedo.es\/urbanred\/wp-json\/wp\/v2\/media\/829"}],"wp:attachment":[{"href":"https:\/\/www.unioviedo.es\/urbanred\/wp-json\/wp\/v2\/media?parent=2591"}],"wp:term":[{"taxonomy":"category","embeddable":true,"href":"https:\/\/www.unioviedo.es\/urbanred\/wp-json\/wp\/v2\/categories?post=2591"},{"taxonomy":"post_tag","embeddable":true,"href":"https:\/\/www.unioviedo.es\/urbanred\/wp-json\/wp\/v2\/tags?post=2591"}],"curies":[{"name":"wp","href":"https:\/\/api.w.org\/{rel}","templated":true}]}}