{"id":2597,"date":"2025-03-20T19:34:04","date_gmt":"2025-03-20T18:34:04","guid":{"rendered":"https:\/\/www.unioviedo.es\/urbanred\/?p=2597"},"modified":"2025-09-15T19:38:03","modified_gmt":"2025-09-15T17:38:03","slug":"del-iot-a-la-inviolabilidad-digital-del-domicilio-en-las-viviendas-inteligentes","status":"publish","type":"post","link":"https:\/\/www.unioviedo.es\/urbanred\/del-iot-a-la-inviolabilidad-digital-del-domicilio-en-las-viviendas-inteligentes\/","title":{"rendered":"\u201cDel IoT a la inviolabilidad digital del domicilio en las viviendas inteligentes\u201d"},"content":{"rendered":"\n<p style=\"font-size:20px\">Mar\u00eda Luisa G\u00f3mez Jim\u00e9nez (2024)<\/p>\n\n\n\n<div class=\"wp-block-columns is-layout-flex wp-container-core-columns-is-layout-1 wp-block-columns-is-layout-flex\">\n<div class=\"wp-block-column is-layout-flow wp-block-column-is-layout-flow\" style=\"flex-basis:66.66%\">\n<p><em>El Derecho Administrativo en la era de la inteligencia artificial: Actas del XVIII Congreso de la Asociaci\u00f3n Espa\u00f1ola de Profesores de Derecho Administrativo. Vigo 25 a 27 de enero de 2024<\/em>. Instituto Nacional de Administraci\u00f3n P\u00fablica (INAP), 2025.<\/p>\n\n\n\n<p><a href=\"https:\/\/dialnet.unirioja.es\/servlet\/libro?codigo=995289&amp;orden=0&amp;info=open_link_libro\" target=\"_blank\" rel=\"noreferrer noopener\">Texto completo<\/a><\/p>\n<\/div>\n\n\n\n<div class=\"wp-block-column is-layout-flow wp-block-column-is-layout-flow\" style=\"flex-basis:33.33%\">\n<figure class=\"wp-block-image size-large\"><a href=\"https:\/\/recyt.fecyt.es\/index.php\/RAP\/article\/view\/117722\" target=\"_blank\" rel=\" noreferrer noopener\"><img decoding=\"async\" src=\"https:\/\/dialnet.unirioja.es\/recursos\/imagen?entidad=LIBRO&amp;tipo_contenido=74&amp;libro=995289\" alt=\"\"\/><\/a><\/figure>\n<\/div>\n<\/div>\n\n\n\n<p><\/p>\n\n\n\n<p><\/p>\n","protected":false},"excerpt":{"rendered":"<p>Mar\u00eda Luisa G\u00f3mez Jim\u00e9nez (2024) El Derecho Administrativo en la era de la inteligencia artificial: Actas del XVIII Congreso de la Asociaci\u00f3n Espa\u00f1ola de Profesores de Derecho Administrativo. Vigo 25 a 27 de enero de 2024. Instituto Nacional de Administraci\u00f3n P\u00fablica (INAP), 2025. Texto completo<\/p>\n","protected":false},"author":1,"featured_media":829,"comment_status":"closed","ping_status":"closed","sticky":false,"template":"","format":"standard","meta":{"footnotes":""},"categories":[228,21,13,16],"tags":[],"class_list":["post-2597","post","type-post","status-publish","format-standard","has-post-thumbnail","hentry","category-b15publicaciones","category-boletin","category-observatorio","category-publicaciones"],"_links":{"self":[{"href":"https:\/\/www.unioviedo.es\/urbanred\/wp-json\/wp\/v2\/posts\/2597","targetHints":{"allow":["GET"]}}],"collection":[{"href":"https:\/\/www.unioviedo.es\/urbanred\/wp-json\/wp\/v2\/posts"}],"about":[{"href":"https:\/\/www.unioviedo.es\/urbanred\/wp-json\/wp\/v2\/types\/post"}],"author":[{"embeddable":true,"href":"https:\/\/www.unioviedo.es\/urbanred\/wp-json\/wp\/v2\/users\/1"}],"replies":[{"embeddable":true,"href":"https:\/\/www.unioviedo.es\/urbanred\/wp-json\/wp\/v2\/comments?post=2597"}],"version-history":[{"count":1,"href":"https:\/\/www.unioviedo.es\/urbanred\/wp-json\/wp\/v2\/posts\/2597\/revisions"}],"predecessor-version":[{"id":2598,"href":"https:\/\/www.unioviedo.es\/urbanred\/wp-json\/wp\/v2\/posts\/2597\/revisions\/2598"}],"wp:featuredmedia":[{"embeddable":true,"href":"https:\/\/www.unioviedo.es\/urbanred\/wp-json\/wp\/v2\/media\/829"}],"wp:attachment":[{"href":"https:\/\/www.unioviedo.es\/urbanred\/wp-json\/wp\/v2\/media?parent=2597"}],"wp:term":[{"taxonomy":"category","embeddable":true,"href":"https:\/\/www.unioviedo.es\/urbanred\/wp-json\/wp\/v2\/categories?post=2597"},{"taxonomy":"post_tag","embeddable":true,"href":"https:\/\/www.unioviedo.es\/urbanred\/wp-json\/wp\/v2\/tags?post=2597"}],"curies":[{"name":"wp","href":"https:\/\/api.w.org\/{rel}","templated":true}]}}