{"id":321,"date":"2020-10-26T11:27:00","date_gmt":"2020-10-26T10:27:00","guid":{"rendered":"https:\/\/www.unioviedo.es\/urbanred\/?p=321"},"modified":"2021-03-24T20:39:35","modified_gmt":"2021-03-24T19:39:35","slug":"pildora01-red-de-investigacion-re-adap","status":"publish","type":"post","link":"https:\/\/www.unioviedo.es\/urbanred\/pildora01-red-de-investigacion-re-adap\/","title":{"rendered":"P\u00edldora01. Red de Investigaci\u00f3n RE-ADAP"},"content":{"rendered":"\n<div class=\"wp-block-columns is-layout-flex wp-container-core-columns-is-layout-1 wp-block-columns-is-layout-flex\">\n<div class=\"wp-block-column is-layout-flow wp-block-column-is-layout-flow\" style=\"flex-basis:33.33%\">\n<p>Esta primera p\u00edldora ha sido elaborada por Mar\u00eda Rosario Alonso Ib\u00e1\u00f1ez, coordinadora del Grupo de Estudios Jur\u00eddico-Sociales sobre Territorio y Desarrollo Urbano Sostenible (GTDS).  En ella nos explica la reciente publicaci\u00f3n: <em>Las Agendas Urbanas y el Gobierno de las ciudades.<\/em><\/p>\n<\/div>\n\n\n\n<div class=\"wp-block-column is-layout-flow wp-block-column-is-layout-flow\" style=\"flex-basis:66.66%\">\n<figure class=\"wp-block-embed is-type-video is-provider-youtube wp-block-embed-youtube wp-embed-aspect-16-9 wp-has-aspect-ratio\"><div class=\"wp-block-embed__wrapper\">\n<iframe loading=\"lazy\" title=\"Pildora01 Red RE-ADAP (RED 2018-102795-T): Agendas Urbanas y Gobierno de las ciudades\" width=\"525\" height=\"295\" src=\"https:\/\/www.youtube.com\/embed\/STy8InO5KDs?feature=oembed\" frameborder=\"0\" allow=\"accelerometer; autoplay; clipboard-write; encrypted-media; gyroscope; picture-in-picture; web-share\" referrerpolicy=\"strict-origin-when-cross-origin\" allowfullscreen><\/iframe>\n<\/div><\/figure>\n<\/div>\n<\/div>\n","protected":false},"excerpt":{"rendered":"<p>Esta primera p\u00edldora ha sido elaborada por Mar\u00eda Rosario Alonso Ib\u00e1\u00f1ez, coordinadora del Grupo de Estudios Jur\u00eddico-Sociales sobre Territorio y Desarrollo Urbano Sostenible (GTDS). En ella nos explica la reciente publicaci\u00f3n: Las Agendas Urbanas y el Gobierno de las ciudades.<\/p>\n","protected":false},"author":1,"featured_media":828,"comment_status":"closed","ping_status":"","sticky":false,"template":"","format":"standard","meta":{"footnotes":""},"categories":[29,13,25],"tags":[],"class_list":["post-321","post","type-post","status-publish","format-standard","has-post-thumbnail","hentry","category-b01otros","category-observatorio","category-otros"],"_links":{"self":[{"href":"https:\/\/www.unioviedo.es\/urbanred\/wp-json\/wp\/v2\/posts\/321","targetHints":{"allow":["GET"]}}],"collection":[{"href":"https:\/\/www.unioviedo.es\/urbanred\/wp-json\/wp\/v2\/posts"}],"about":[{"href":"https:\/\/www.unioviedo.es\/urbanred\/wp-json\/wp\/v2\/types\/post"}],"author":[{"embeddable":true,"href":"https:\/\/www.unioviedo.es\/urbanred\/wp-json\/wp\/v2\/users\/1"}],"replies":[{"embeddable":true,"href":"https:\/\/www.unioviedo.es\/urbanred\/wp-json\/wp\/v2\/comments?post=321"}],"version-history":[{"count":4,"href":"https:\/\/www.unioviedo.es\/urbanred\/wp-json\/wp\/v2\/posts\/321\/revisions"}],"predecessor-version":[{"id":600,"href":"https:\/\/www.unioviedo.es\/urbanred\/wp-json\/wp\/v2\/posts\/321\/revisions\/600"}],"wp:featuredmedia":[{"embeddable":true,"href":"https:\/\/www.unioviedo.es\/urbanred\/wp-json\/wp\/v2\/media\/828"}],"wp:attachment":[{"href":"https:\/\/www.unioviedo.es\/urbanred\/wp-json\/wp\/v2\/media?parent=321"}],"wp:term":[{"taxonomy":"category","embeddable":true,"href":"https:\/\/www.unioviedo.es\/urbanred\/wp-json\/wp\/v2\/categories?post=321"},{"taxonomy":"post_tag","embeddable":true,"href":"https:\/\/www.unioviedo.es\/urbanred\/wp-json\/wp\/v2\/tags?post=321"}],"curies":[{"name":"wp","href":"https:\/\/api.w.org\/{rel}","templated":true}]}}