{"id":862,"date":"2021-03-25T11:38:00","date_gmt":"2021-03-25T10:38:00","guid":{"rendered":"https:\/\/www.unioviedo.es\/urbanred\/?p=862"},"modified":"2021-03-31T10:46:27","modified_gmt":"2021-03-31T08:46:27","slug":"seminario-cambio-climatico-y-transicion-ecologica","status":"publish","type":"post","link":"https:\/\/www.unioviedo.es\/urbanred\/seminario-cambio-climatico-y-transicion-ecologica\/","title":{"rendered":"Seminario: \u00abCambio clim\u00e1tico y transici\u00f3n ecol\u00f3gica\u00bb"},"content":{"rendered":"\n<p>25 de marzo de 2021<\/p>\n\n\n\n<p>Segundo seminario del proyecto <em>Resiliencia: espacios de adaptaci\u00f3n de nuestras ciudades a los nuevos retos urbanos, <\/em>Red RE-ADAP (RED2018-102795-T) enmarcado en el <em>Plan Estatal I+D+i 2017-20: Redes de Investigaci\u00f3n<\/em> como respuesta a la necesidad de articular un enfoque conjunto, integral e innovador que afronte los retos de nuestras ciudades mediante la implantaci\u00f3n de pol\u00edticas p\u00fablicas urbanas que incorporen la resiliencia, entendida como una herramienta capaz de ayudar a propiciar las transformaciones urbanas necesarias que den el paso a ciudades m\u00e1s justas, inclusivas, ecol\u00f3gicas y habitables.<\/p>\n\n\n\n<div class=\"wp-block-columns is-layout-flex wp-container-core-columns-is-layout-1 wp-block-columns-is-layout-flex\">\n<div class=\"wp-block-column is-layout-flow wp-block-column-is-layout-flow\">\n<p>Coordinado por \u00d3scar Carpintero, del Grupo de Investigaci\u00f3n GEEDS, y Juan Luis de las Rivas, del Instituto Universitario de Urban\u00edstica, ambos de la Universidad de Valladolid e investigadores de la Red Re-ADAP.<\/p>\n\n\n\n<p><a rel=\"noreferrer noopener\" href=\"http:\/\/vps181.cesvima.upm.es\/re-hab\/2021\/03\/29\/segundo-seminario-red-de-investigacion-re-adap-cambio-climatico-y-transicion-ecologica\/\" target=\"_blank\">Rese\u00f1a<\/a><\/p>\n\n\n\n<p><a rel=\"noreferrer noopener\" href=\"http:\/\/vps181.cesvima.upm.es\/re-hab\/2021\/03\/17\/cambio-climatico-y-transicion-ecologica-segundo-seminario-de-la-red-de-investigacion-re-adap-resiliencia-espacios-de-adaptacion-de-nuestras-ciudades-a-los-nuevos-retos-urbanos\/\" target=\"_blank\">M\u00e1s informaci\u00f3n y programa<\/a><\/p>\n<\/div>\n\n\n\n<div class=\"wp-block-column is-layout-flow wp-block-column-is-layout-flow\">\n<figure class=\"wp-block-embed is-type-video is-provider-youtube wp-block-embed-youtube wp-embed-aspect-16-9 wp-has-aspect-ratio\"><div class=\"wp-block-embed__wrapper\">\n<iframe loading=\"lazy\" title=\"Segundo Seminario RE-ADAP: CAMBIO CLIM\u00c1TICO Y TRANSICI\u00d3N ECOL\u00d3GICA. RED2018-102795-T.\" width=\"525\" height=\"295\" src=\"https:\/\/www.youtube.com\/embed\/tlWT2p5mNYM?feature=oembed\" frameborder=\"0\" allow=\"accelerometer; autoplay; clipboard-write; encrypted-media; gyroscope; picture-in-picture; web-share\" referrerpolicy=\"strict-origin-when-cross-origin\" allowfullscreen><\/iframe>\n<\/div><\/figure>\n<\/div>\n<\/div>\n\n\n\n<p><\/p>\n","protected":false},"excerpt":{"rendered":"<p>25 de marzo de 2021 Segundo seminario del proyecto Resiliencia: espacios de adaptaci\u00f3n de nuestras ciudades a los nuevos retos urbanos, Red RE-ADAP (RED2018-102795-T) enmarcado en el Plan Estatal I+D+i 2017-20: Redes de Investigaci\u00f3n como respuesta a la necesidad de articular un enfoque conjunto, integral e innovador que afronte los retos de nuestras ciudades mediante &hellip; <\/p>\n<p class=\"link-more\"><a href=\"https:\/\/www.unioviedo.es\/urbanred\/seminario-cambio-climatico-y-transicion-ecologica\/\" class=\"more-link\">Continuar leyendo<span class=\"screen-reader-text\"> \u00abSeminario: \u00abCambio clim\u00e1tico y transici\u00f3n ecol\u00f3gica\u00bb\u00bb<\/span><\/a><\/p>\n","protected":false},"author":1,"featured_media":826,"comment_status":"closed","ping_status":"","sticky":false,"template":"","format":"standard","meta":{"footnotes":""},"categories":[26,20,13],"tags":[],"class_list":["post-862","post","type-post","status-publish","format-standard","has-post-thumbnail","hentry","category-b01eventos","category-eventos","category-observatorio"],"_links":{"self":[{"href":"https:\/\/www.unioviedo.es\/urbanred\/wp-json\/wp\/v2\/posts\/862","targetHints":{"allow":["GET"]}}],"collection":[{"href":"https:\/\/www.unioviedo.es\/urbanred\/wp-json\/wp\/v2\/posts"}],"about":[{"href":"https:\/\/www.unioviedo.es\/urbanred\/wp-json\/wp\/v2\/types\/post"}],"author":[{"embeddable":true,"href":"https:\/\/www.unioviedo.es\/urbanred\/wp-json\/wp\/v2\/users\/1"}],"replies":[{"embeddable":true,"href":"https:\/\/www.unioviedo.es\/urbanred\/wp-json\/wp\/v2\/comments?post=862"}],"version-history":[{"count":9,"href":"https:\/\/www.unioviedo.es\/urbanred\/wp-json\/wp\/v2\/posts\/862\/revisions"}],"predecessor-version":[{"id":1098,"href":"https:\/\/www.unioviedo.es\/urbanred\/wp-json\/wp\/v2\/posts\/862\/revisions\/1098"}],"wp:featuredmedia":[{"embeddable":true,"href":"https:\/\/www.unioviedo.es\/urbanred\/wp-json\/wp\/v2\/media\/826"}],"wp:attachment":[{"href":"https:\/\/www.unioviedo.es\/urbanred\/wp-json\/wp\/v2\/media?parent=862"}],"wp:term":[{"taxonomy":"category","embeddable":true,"href":"https:\/\/www.unioviedo.es\/urbanred\/wp-json\/wp\/v2\/categories?post=862"},{"taxonomy":"post_tag","embeddable":true,"href":"https:\/\/www.unioviedo.es\/urbanred\/wp-json\/wp\/v2\/tags?post=862"}],"curies":[{"name":"wp","href":"https:\/\/api.w.org\/{rel}","templated":true}]}}