{"id":441,"date":"2024-03-07T09:50:41","date_gmt":"2024-03-07T08:50:41","guid":{"rendered":"https:\/\/demo.creativethemes.com\/blocksy\/web-agency\/?p=441"},"modified":"2024-03-07T10:21:31","modified_gmt":"2024-03-07T09:21:31","slug":"estreno-web","status":"publish","type":"post","link":"https:\/\/www.unioviedo.es\/vivireuropa\/index.php\/2024\/03\/07\/estreno-web\/","title":{"rendered":"Estamos de estreno \u00a1Nueva web!"},"content":{"rendered":"\n<p>Estamos encantados de anunciar el lanzamiento de la nueva web de nuestro proyecto DENTEU, una iniciativa liderada por el Grupo de Investigaci\u00f3n Jean Monnet de la Universidad de Oviedo especializado en Fiscalidad y Difusi\u00f3n de la Integraci\u00f3n Comunitaria. Este proyecto refleja nuestro compromiso con la educaci\u00f3n y la cultura europea, ofreciendo una plataforma rica en recursos did\u00e1cticos, cursos especializados y publicaciones enfocadas en la integraci\u00f3n europea.<\/p>\n\n\n\n<p>La nueva web es un reflejo de nuestra dedicaci\u00f3n a promover la comprensi\u00f3n y la colaboraci\u00f3n en temas europeos, sirviendo como un puente entre la academia, estudiantes y profesionales. Con un dise\u00f1o intuitivo y accesible, nuestra p\u00e1gina invita a explorar los diversos proyectos, actividades y materiales educativos que hemos desarrollado con el objetivo de conectar la Uni\u00f3n Europea y sus instituciones con la comunidad educativa y el p\u00fablico en general.<\/p>\n\n\n\n<p>Invitamos a todos nuestros seguidores, colaboradores y a la comunidad educativa a visitar la nueva web, descubrir los recursos disponibles y sumarse a las actividades que organizamos. Este es un paso adelante en nuestro esfuerzo por difundir los valores y conocimientos sobre la Uni\u00f3n Europea, fortaleciendo el sentido de pertenencia a una comunidad m\u00e1s unida y consciente de su riqueza cultural y diversidad.<\/p>\n\n\n\n<p>Agradecemos a todos los que han hecho posible este proyecto y esperamos con entusiasmo su participaci\u00f3n y feedback para seguir creciendo y adapt\u00e1ndonos a las necesidades de nuestro p\u00fablico. \u00a1Explore la nueva web de DENTEU y \u00fanase a nosotros en este viaje de descubrimiento y aprendizaje sobre la Uni\u00f3n Europea!<\/p>\n","protected":false},"excerpt":{"rendered":"<p>Estamos encantados de anunciar el lanzamiento de la nueva web de nuestro proyecto DENTEU, una iniciativa liderada por el Grupo de Investigaci\u00f3n Jean Monnet de la Universidad de Oviedo especializado en Fiscalidad y Difusi\u00f3n de la Integraci\u00f3n Comunitaria. Este proyecto refleja nuestro compromiso con la educaci\u00f3n y la cultura europea, ofreciendo una plataforma rica en [&hellip;]<\/p>\n","protected":false},"author":667,"featured_media":3709,"comment_status":"open","ping_status":"open","sticky":false,"template":"","format":"standard","meta":{"footnotes":""},"categories":[28],"tags":[],"class_list":["post-441","post","type-post","status-publish","format-standard","has-post-thumbnail","hentry","category-noticias"],"blocksy_meta":{"styles_descriptor":{"styles":{"desktop":"","tablet":"","mobile":""},"google_fonts":[],"version":6}},"_links":{"self":[{"href":"https:\/\/www.unioviedo.es\/vivireuropa\/index.php\/wp-json\/wp\/v2\/posts\/441","targetHints":{"allow":["GET"]}}],"collection":[{"href":"https:\/\/www.unioviedo.es\/vivireuropa\/index.php\/wp-json\/wp\/v2\/posts"}],"about":[{"href":"https:\/\/www.unioviedo.es\/vivireuropa\/index.php\/wp-json\/wp\/v2\/types\/post"}],"author":[{"embeddable":true,"href":"https:\/\/www.unioviedo.es\/vivireuropa\/index.php\/wp-json\/wp\/v2\/users\/667"}],"replies":[{"embeddable":true,"href":"https:\/\/www.unioviedo.es\/vivireuropa\/index.php\/wp-json\/wp\/v2\/comments?post=441"}],"version-history":[{"count":2,"href":"https:\/\/www.unioviedo.es\/vivireuropa\/index.php\/wp-json\/wp\/v2\/posts\/441\/revisions"}],"predecessor-version":[{"id":3707,"href":"https:\/\/www.unioviedo.es\/vivireuropa\/index.php\/wp-json\/wp\/v2\/posts\/441\/revisions\/3707"}],"wp:featuredmedia":[{"embeddable":true,"href":"https:\/\/www.unioviedo.es\/vivireuropa\/index.php\/wp-json\/wp\/v2\/media\/3709"}],"wp:attachment":[{"href":"https:\/\/www.unioviedo.es\/vivireuropa\/index.php\/wp-json\/wp\/v2\/media?parent=441"}],"wp:term":[{"taxonomy":"category","embeddable":true,"href":"https:\/\/www.unioviedo.es\/vivireuropa\/index.php\/wp-json\/wp\/v2\/categories?post=441"},{"taxonomy":"post_tag","embeddable":true,"href":"https:\/\/www.unioviedo.es\/vivireuropa\/index.php\/wp-json\/wp\/v2\/tags?post=441"}],"curies":[{"name":"wp","href":"https:\/\/api.w.org\/{rel}","templated":true}]}}