{"id":4911,"date":"2024-05-12T19:40:01","date_gmt":"2024-05-12T18:40:01","guid":{"rendered":"https:\/\/www.unioviedo.es\/vivireuropa\/?p=4911"},"modified":"2024-06-20T18:00:50","modified_gmt":"2024-06-20T17:00:50","slug":"reflexiones-y-aprendizajes-de-las-jornadas-jean-monnet-en-gijon","status":"publish","type":"post","link":"https:\/\/www.unioviedo.es\/vivireuropa\/index.php\/2024\/05\/12\/reflexiones-y-aprendizajes-de-las-jornadas-jean-monnet-en-gijon\/","title":{"rendered":"Reflexiones y aprendizajes de las Jornadas Jean Monnet en Gij\u00f3n"},"content":{"rendered":"\t\t<div data-elementor-type=\"wp-post\" data-elementor-id=\"4911\" class=\"elementor elementor-4911\">\n\t\t\t\t<div class=\"elementor-element elementor-element-3213ec74 e-flex e-con-boxed e-con e-parent\" data-id=\"3213ec74\" data-element_type=\"container\" data-e-type=\"container\">\n\t\t\t\t\t<div class=\"e-con-inner\">\n\t\t\t\t<div class=\"elementor-element elementor-element-6e2085a4 elementor-widget elementor-widget-text-editor\" data-id=\"6e2085a4\" data-element_type=\"widget\" data-e-type=\"widget\" data-widget_type=\"text-editor.default\">\n\t\t\t\t<div class=\"elementor-widget-container\">\n\t\t\t\t\t\t\t\t\t\n<p style=\"text-align: center;\">El 10 y 11 de mayo, la ciudad de Gij\u00f3n se convirti\u00f3 en el epicentro del debate y la reflexi\u00f3n sobre la integraci\u00f3n europea, al acoger las Jornadas Jean Monnet, un evento enmarcado en un proyecto financiado por la Direcci\u00f3n General de Educaci\u00f3n y Cultura de la Comisi\u00f3n Europea. Estas jornadas, que reunieron a acad\u00e9micos, educadores y expertos, sirvieron como un foro esencial para abordar los retos y oportunidades que enfrenta el proyecto europeo en la actualidad.<\/p>\n\n<p style=\"text-align: center;\">Durante dos intensos d\u00edas, las sesiones se dividieron en mesas redondas y talleres, proporcionando a los asistentes una amplia gama de perspectivas y conocimientos. Se abordaron temas de inter\u00e9s general que no solo enriquecen la formaci\u00f3n personal del profesorado sino que tambi\u00e9n ofrecen herramientas para transmitir estos conocimientos a sus alumnos.<\/p>\n\n<p style=\"text-align: center;\">Aprovechamos esta oportunidad para expresar nuestro m\u00e1s sincero agradecimiento a todos los ponentes y asistentes que participaron en las jornadas. Su presencia y contribuciones fueron fundamentales para el \u00e9xito del evento.<\/p>\n\n<p style=\"text-align: center;\">Las Jornadas Jean Monnet en Gij\u00f3n han dejado un legado de conocimiento y compromiso con la educaci\u00f3n sobre Europa. Como participantes, nos llevamos no solo informaci\u00f3n valiosa, sino tambi\u00e9n un renovado sentido de prop\u00f3sito para seguir contribuyendo a la construcci\u00f3n de una verdadera ciudadan\u00eda europea a trav\u00e9s de la educaci\u00f3n.<\/p>\n\n<p style=\"text-align: center;\">\u00a1Esperamos con entusiasmo volver a veros en futuras ediciones de estas enriquecedoras jornadas!<\/p>\n\t\t\t\t\t\t\t\t<\/div>\n\t\t\t\t<\/div>\n\t\t\t\t<div class=\"elementor-element elementor-element-3413248 elementor-mobile-align-center elementor-align-center elementor-invisible elementor-widget elementor-widget-button\" data-id=\"3413248\" data-element_type=\"widget\" data-e-type=\"widget\" data-settings=\"{&quot;_animation&quot;:&quot;bounceIn&quot;}\" data-widget_type=\"button.default\">\n\t\t\t\t<div class=\"elementor-widget-container\">\n\t\t\t\t\t\t\t\t\t<div class=\"elementor-button-wrapper\">\n\t\t\t\t\t<a class=\"elementor-button elementor-button-link elementor-size-sm elementor-animation-grow\" href=\"https:\/\/www.lne.es\/gijon\/2024\/05\/11\/eurodiputado-jonas-fernandez-charla-europa-102218281.html\" target=\"_blank\">\n\t\t\t\t\t\t<span class=\"elementor-button-content-wrapper\">\n\t\t\t\t\t\t<span class=\"elementor-button-icon\">\n\t\t\t\t<svg aria-hidden=\"true\" class=\"e-font-icon-svg e-far-newspaper\" viewBox=\"0 0 576 512\" xmlns=\"http:\/\/www.w3.org\/2000\/svg\"><path d=\"M552 64H112c-20.858 0-38.643 13.377-45.248 32H24c-13.255 0-24 10.745-24 24v272c0 30.928 25.072 56 56 56h496c13.255 0 24-10.745 24-24V88c0-13.255-10.745-24-24-24zM48 392V144h16v248c0 4.411-3.589 8-8 8s-8-3.589-8-8zm480 8H111.422c.374-2.614.578-5.283.578-8V112h416v288zM172 280h136c6.627 0 12-5.373 12-12v-96c0-6.627-5.373-12-12-12H172c-6.627 0-12 5.373-12 12v96c0 6.627 5.373 12 12 12zm28-80h80v40h-80v-40zm-40 140v-24c0-6.627 5.373-12 12-12h136c6.627 0 12 5.373 12 12v24c0 6.627-5.373 12-12 12H172c-6.627 0-12-5.373-12-12zm192 0v-24c0-6.627 5.373-12 12-12h104c6.627 0 12 5.373 12 12v24c0 6.627-5.373 12-12 12H364c-6.627 0-12-5.373-12-12zm0-144v-24c0-6.627 5.373-12 12-12h104c6.627 0 12 5.373 12 12v24c0 6.627-5.373 12-12 12H364c-6.627 0-12-5.373-12-12zm0 72v-24c0-6.627 5.373-12 12-12h104c6.627 0 12 5.373 12 12v24c0 6.627-5.373 12-12 12H364c-6.627 0-12-5.373-12-12z\"><\/path><\/svg>\t\t\t<\/span>\n\t\t\t\t\t\t\t\t\t<span class=\"elementor-button-text\">Noticia completa de La Nueva Espa\u00f1a<\/span>\n\t\t\t\t\t<\/span>\n\t\t\t\t\t<\/a>\n\t\t\t\t<\/div>\n\t\t\t\t\t\t\t\t<\/div>\n\t\t\t\t<\/div>\n\t\t\t\t\t<\/div>\n\t\t\t\t<\/div>\n\t\t<div class=\"elementor-element elementor-element-94c3386 e-flex e-con-boxed e-con e-parent\" data-id=\"94c3386\" data-element_type=\"container\" data-e-type=\"container\">\n\t\t\t\t\t<div class=\"e-con-inner\">\n\t\t\t\t<div class=\"elementor-element elementor-element-90bc384 elementor-mobile-align-center elementor-align-center elementor-invisible elementor-widget elementor-widget-button\" data-id=\"90bc384\" data-element_type=\"widget\" data-e-type=\"widget\" data-settings=\"{&quot;_animation&quot;:&quot;bounceIn&quot;}\" data-widget_type=\"button.default\">\n\t\t\t\t<div class=\"elementor-widget-container\">\n\t\t\t\t\t\t\t\t\t<div class=\"elementor-button-wrapper\">\n\t\t\t\t\t<a class=\"elementor-button elementor-button-link elementor-size-sm elementor-animation-grow\" href=\"https:\/\/www.facebook.com\/accionesjeanmonnet\">\n\t\t\t\t\t\t<span class=\"elementor-button-content-wrapper\">\n\t\t\t\t\t\t<span class=\"elementor-button-icon\">\n\t\t\t\t<svg aria-hidden=\"true\" class=\"e-font-icon-svg e-fab-facebook\" viewBox=\"0 0 512 512\" xmlns=\"http:\/\/www.w3.org\/2000\/svg\"><path d=\"M504 256C504 119 393 8 256 8S8 119 8 256c0 123.78 90.69 226.38 209.25 245V327.69h-63V256h63v-54.64c0-62.15 37-96.48 93.67-96.48 27.14 0 55.52 4.84 55.52 4.84v61h-31.28c-30.8 0-40.41 19.12-40.41 38.73V256h68.78l-11 71.69h-57.78V501C413.31 482.38 504 379.78 504 256z\"><\/path><\/svg>\t\t\t<\/span>\n\t\t\t\t\t\t\t\t\t<span class=\"elementor-button-text\">\u00a1S\u00edguenos en Facebook!<\/span>\n\t\t\t\t\t<\/span>\n\t\t\t\t\t<\/a>\n\t\t\t\t<\/div>\n\t\t\t\t\t\t\t\t<\/div>\n\t\t\t\t<\/div>\n\t\t\t\t\t<\/div>\n\t\t\t\t<\/div>\n\t\t\t\t<\/div>\n\t\t","protected":false},"excerpt":{"rendered":"<p>El 10 y 11 de mayo, la ciudad de Gij\u00f3n se convirti\u00f3 en el epicentro del debate y la reflexi\u00f3n sobre la integraci\u00f3n europea, al acoger las Jornadas Jean Monnet, un evento enmarcado en un proyecto financiado por la Direcci\u00f3n General de Educaci\u00f3n y Cultura de la Comisi\u00f3n Europea. Estas jornadas, que reunieron a acad\u00e9micos, [&hellip;]<\/p>\n","protected":false},"author":667,"featured_media":4913,"comment_status":"open","ping_status":"open","sticky":false,"template":"","format":"standard","meta":{"footnotes":""},"categories":[28],"tags":[],"class_list":["post-4911","post","type-post","status-publish","format-standard","has-post-thumbnail","hentry","category-noticias"],"blocksy_meta":{"styles_descriptor":{"styles":{"desktop":"","tablet":"","mobile":""},"google_fonts":[],"version":6}},"_links":{"self":[{"href":"https:\/\/www.unioviedo.es\/vivireuropa\/index.php\/wp-json\/wp\/v2\/posts\/4911","targetHints":{"allow":["GET"]}}],"collection":[{"href":"https:\/\/www.unioviedo.es\/vivireuropa\/index.php\/wp-json\/wp\/v2\/posts"}],"about":[{"href":"https:\/\/www.unioviedo.es\/vivireuropa\/index.php\/wp-json\/wp\/v2\/types\/post"}],"author":[{"embeddable":true,"href":"https:\/\/www.unioviedo.es\/vivireuropa\/index.php\/wp-json\/wp\/v2\/users\/667"}],"replies":[{"embeddable":true,"href":"https:\/\/www.unioviedo.es\/vivireuropa\/index.php\/wp-json\/wp\/v2\/comments?post=4911"}],"version-history":[{"count":16,"href":"https:\/\/www.unioviedo.es\/vivireuropa\/index.php\/wp-json\/wp\/v2\/posts\/4911\/revisions"}],"predecessor-version":[{"id":5317,"href":"https:\/\/www.unioviedo.es\/vivireuropa\/index.php\/wp-json\/wp\/v2\/posts\/4911\/revisions\/5317"}],"wp:featuredmedia":[{"embeddable":true,"href":"https:\/\/www.unioviedo.es\/vivireuropa\/index.php\/wp-json\/wp\/v2\/media\/4913"}],"wp:attachment":[{"href":"https:\/\/www.unioviedo.es\/vivireuropa\/index.php\/wp-json\/wp\/v2\/media?parent=4911"}],"wp:term":[{"taxonomy":"category","embeddable":true,"href":"https:\/\/www.unioviedo.es\/vivireuropa\/index.php\/wp-json\/wp\/v2\/categories?post=4911"},{"taxonomy":"post_tag","embeddable":true,"href":"https:\/\/www.unioviedo.es\/vivireuropa\/index.php\/wp-json\/wp\/v2\/tags?post=4911"}],"curies":[{"name":"wp","href":"https:\/\/api.w.org\/{rel}","templated":true}]}}